{"id":165502,"date":"2020-04-23T11:55:17","date_gmt":"2020-04-23T08:55:17","guid":{"rendered":"https:\/\/alegria-realestate.com\/?p=165502"},"modified":"2025-08-14T20:06:45","modified_gmt":"2025-08-14T17:06:45","slug":"sommercial-premises-rental-moratorium","status":"publish","type":"post","link":"https:\/\/alegria-realestate.com\/pl\/articles\/sommercial-premises-rental-moratorium","title":{"rendered":"Moratorium na wynajem lokali u\u017cytkowych dla przedsi\u0119biorc\u00f3w indywidualnych oraz ma\u0142ych i \u015brednich firm"},"content":{"rendered":"<p>Ostatnia Rada Ministr\u00f3w zatwierdzi\u0142a nowe mechanizmy pomocy indywidualnym przedsi\u0119biorcom oraz ma\u0142ym i \u015brednim <a href=\"https:\/\/alegria-realestate.com\/ru\/articles\/business-tax-relief-for-coronavirus-in-spain\">firmom<\/a> , kt\u00f3re znalaz\u0142y si\u0119 w trudnej sytuacji z powodu kryzysu sanitarnego. Nowa seria \u015brodk\u00f3w obejmuje inicjatyw\u0119 umo\u017cliwiaj\u0105c\u0105 najemcom komercyjnym wnioskowanie o moratorium na p\u0142acenie czynszu w czasie kryzysu. Mowa o lokalach u\u017cytkowych b\u0119d\u0105cych w\u0142asno\u015bci\u0105 du\u017cych w\u0142a\u015bcicieli i sp\u00f3\u0142ek Skarbu Pa\u0144stwa. W odniesieniu do drobnych w\u0142a\u015bcicieli w tym przypadku proponuje si\u0119 dokonywanie bie\u017c\u0105cych wp\u0142at z kaucji (fianza) z p\u00f3\u017aniejszym zwrotem tej kwoty w ci\u0105gu roku, a tak\u017ce zaleca si\u0119 zawarcie obustronnie korzystnych um\u00f3w dwustronnych pomi\u0119dzy w\u0142a\u015bcicielem a najemca dotkni\u0119ty kryzysem. Minister Przemys\u0142u, Handlu i Turystyki Reyes Maroto wspomnia\u0142 wcze\u015bniej, \u017ce rz\u0105d szuka sposob\u00f3w na wsparcie tych przedsi\u0119biorc\u00f3w i firm, kt\u00f3re w obliczu gwa\u0142townego spadku zysk\u00f3w s\u0105 zmuszone p\u0142aci\u0107 czynsz za lokale komercyjne. To jedna z najwi\u0119kszych pozycji kosztowych dla tych kategorii, kt\u00f3ra jest niezwykle trudna do sp\u0142acenia w warunkach ca\u0142kowitego lub prawie ca\u0142kowitego parali\u017cu biznesowego. Tak wi\u0119c, zgodnie z dekretem kr\u00f3lewskim z moc\u0105 ustawy 15\/2020 z dnia 21 kwietnia 2020 r., opublikowanym w Dzienniku Urz\u0119dowym Stanu (BOE) w dniu 22 kwietnia, warunki dost\u0119pu do tej serii \u015brodk\u00f3w wspieraj\u0105cych indywidualnych przedsi\u0119biorc\u00f3w i firmy s\u0105 nast\u0119puj\u0105ce: <strong>Je\u017celi wynajmuj\u0105cy jest du\u017cym w\u0142a\u015bcicielem lub przedsi\u0119biorstwem pa\u0144stwowym<\/strong> Je\u017celi wynajmuj\u0105cym jest du\u017cy w\u0142a\u015bciciel (powy\u017cej 10 nieruchomo\u015bci) lub przedsi\u0119biorstwo pa\u0144stwowe, <a href=\"https:\/\/alegria-realestate.com\/ru\/articles\/news\/coronavirus-spain-allowance-for-tenants\">najemca<\/a> ma prawo za\u017c\u0105da\u0107 moratorium na wynajem lokalu u\u017cytkowego. Czas trwania moratorium to okres, w kt\u00f3rym trwa stan wyj\u0105tkowy z powodu pandemii, ale je\u015bli okres ten jest niewystarczaj\u0105cy do przywr\u00f3cenia wyp\u0142acalno\u015bci najemcy, mo\u017ce zosta\u0107 przed\u0142u\u017cony o kilka miesi\u0119cy (maksymalnie 4). Zad\u0142u\u017cenie mo\u017cna sp\u0142aca\u0107 w ratach bez naliczania odsetek w ci\u0105gu 2 lat od dnia przywr\u00f3cenia wyp\u0142acalno\u015bci najemcy lub maksymalnie 4 miesi\u0105ce po ustaniu stanu wyj\u0105tkowego. W takim przypadku d\u0142ug musi zosta\u0107 sp\u0142acony przed wyga\u015bni\u0119ciem umowy najmu. Wniosek o moratorium mo\u017cna z\u0142o\u017cy\u0107 w ci\u0105gu miesi\u0105ca od wej\u015bcia w \u017cycie dekretu kr\u00f3lewskiego z moc\u0105 ustawy 15\/2020 (od 23 kwietnia). <strong>Je\u015bli wynajmuj\u0105cy nie jest g\u0142\u00f3wnym w\u0142a\u015bcicielem<\/strong> W przypadku, gdy wynajmuj\u0105cy nie jest g\u0142\u00f3wnym w\u0142a\u015bcicielem (tj. w jego posiadaniu jest mniej ni\u017c 10 nieruchomo\u015bci), najemca mo\u017ce za\u017c\u0105da\u0107 odroczenia p\u0142atno\u015bci, ale tylko wtedy, gdy obie strony nie zawar\u0142y jeszcze umowy odroczenie lub zmniejszenie p\u0142atno\u015bci. Kaucja zabezpieczaj\u0105ca (fianza) za nieruchomo\u015b\u0107 mo\u017ce by\u0107 wykorzystana do cz\u0119\u015bciowej lub ca\u0142kowitej sp\u0142aty zaleg\u0142ego miesi\u0119cznego czynszu. W takim przypadku najemca musi uzupe\u0142ni\u0107 kwot\u0119 kaucji w ci\u0105gu roku od dnia zawarcia umowy mi\u0119dzy stronami lub do czasu wyga\u015bni\u0119cia umowy.<\/p>\n<h2> Przedsi\u0119biorcy indywidualni i przedsi\u0119biorstwa kwalifikuj\u0105ce si\u0119 do moratorium<\/h2>\n<p> <strong>Warunki dla przedsi\u0119biorc\u00f3w indywidualnych<\/strong><\/p>\n<ul>\n<li> Indywidualny przedsi\u0119biorca musi by\u0107 zarejestrowany (situaci\u00f3n de alta) w s\u0142u\u017cbie zabezpieczenia spo\u0142ecznego w trybie \u201eR\u00e9gimen Especial de la Seguridad Social de los Trabajadores por Cuenta Propia o Aut\u00f3nomos\u201d lub \u201eR\u00e9gimen Especial de la Seguridad Social de los Trabajadores del Mar\u201d pod adresem czas og\u0142oszenia przepis\u00f3w nadzwyczajnych (14 marca).<\/li>\n<li> Dzia\u0142alno\u015b\u0107 <a href=\"https:\/\/alegria-realestate.com\/ru\/articles\/news\/coronavirus-spain-unemployment-benefits\">IP<\/a> zosta\u0142a wstrzymana z powodu kryzysu sanitarnego.<\/li>\n<li> Je\u015bli IE nie zosta\u0142 zawieszony z powodu kryzysu, musi wykaza\u0107, \u017ce jego dochody spad\u0142y o co najmniej 75% w stosunku do \u015bredniej wysoko\u015bci miesi\u0119cznych dochod\u00f3w za ten sam kwarta\u0142 ubieg\u0142ego roku.<\/li>\n<\/ul>\n<p> <strong>Warunki dla M\u015aP (pymes)<\/strong><\/p>\n<ul>\n<li> \u0141\u0105czne aktywa przedsi\u0119biorstwa nie mog\u0105 przekracza\u0107 4 milion\u00f3w euro w ci\u0105gu ostatnich dw\u00f3ch lat; jego obr\u00f3t nie mo\u017ce przekroczy\u0107 8 mln EUR w ci\u0105gu ostatnich dw\u00f3ch lat; Liczba pracownik\u00f3w nie mo\u017ce przekracza\u0107 50.<\/li>\n<li> Dzia\u0142alno\u015b\u0107 firmy zosta\u0142a zawieszona z powodu <a href=\"https:\/\/alegria-realestate.com\/ru\/articles\/spanish-property-market-after-covid-19\">kryzysu zwi\u0105zanego z koronawirusem<\/a> .<\/li>\n<li> Je\u017celi dzia\u0142alno\u015b\u0107 sp\u00f3\u0142ki nie zosta\u0142a zawieszona z powodu kryzysu, nale\u017cy wykaza\u0107, \u017ce jej przychody spad\u0142y o co najmniej 75% w stosunku do \u015bredniej wysoko\u015bci przychod\u00f3w za ten sam kwarta\u0142 ubieg\u0142ego roku.<\/li>\n<\/ul>\n<p> <strong>Dokumenty potwierdzaj\u0105ce prawo do moratorium<\/strong><\/p>\n<ul>\n<li> W przypadku ograniczenia dzia\u0142alno\u015bci i spadku przychod\u00f3w konieczne jest z\u0142o\u017cenie deklaracji o zobowi\u0105zaniu na podstawie informacji ksi\u0119gowych oraz danych o przychodach i kosztach wykazuj\u0105cych spadek zysk\u00f3w o co najmniej 75% w stosunku do \u015bredniej miesi\u0119czna kwota za ten sam kwarta\u0142 poprzedniego roku.<\/li>\n<li> Najemca musi by\u0107 przygotowany, na \u017c\u0105danie wynajmuj\u0105cego, do dostarczenia mu ksi\u0105g rachunkowych wykazuj\u0105cych zmniejszenie dzia\u0142alno\u015bci.<\/li>\n<li> W przypadku, gdy dzia\u0142alno\u015b\u0107 indywidualnego przedsi\u0119biorcy lub przedsi\u0119biorstwa zosta\u0142a zawieszona z powodu kryzysu, konieczne jest przedstawienie odpowiedniego za\u015bwiadczenia z urz\u0119du skarbowego lub innego w\u0142a\u015bciwego organu wsp\u00f3lnoty autonomicznej.<\/li>\n<\/ul>\n<p><\/p>","protected":false},"excerpt":{"rendered":"<p>Ostatnia Rada Ministr\u00f3w zatwierdzi\u0142a nowe mechanizmy pomocy indywidualnym przedsi\u0119biorcom\u2026<\/p>\n","protected":false},"author":18,"featured_media":165503,"comment_status":"closed","ping_status":"closed","sticky":false,"template":"","format":"standard","meta":{"footnotes":""},"categories":[1,15],"tags":[],"class_list":["post-165502","post","type-post","status-publish","format-standard","has-post-thumbnail","hentry","category-articles","category-news"],"yoast_head":"<!-- This site is optimized with the Yoast SEO plugin v27.5 - https:\/\/yoast.com\/product\/yoast-seo-wordpress\/ -->\n<title>\u041c\u043e\u0440\u0430\u0442\u043e\u0440\u0438\u0439 \u043d\u0430 \u0430\u0440\u0435\u043d\u0434\u0443 \u043a\u043e\u043c\u043c\u0435\u0440\u0447\u0435\u0441\u043a\u0438\u0445 \u043f\u043e\u043c\u0435\u0449\u0435\u043d\u0438\u0439 \u0434\u043b\u044f \u0418\u041f \u0438 \u043f\u0440\u0435\u0434\u043f\u0440\u0438\u044f\u0442\u0438\u0439 \u043c\u0430\u043b\u043e\u0433\u043e \u0438 \u0441\u0440\u0435\u0434\u043d\u0435\u0433\u043e \u0431\u0438\u0437\u043d\u0435\u0441\u0430 \u0432 \u0441\u0432\u044f\u0437\u0438 \u0441 \u043a\u0440\u0438\u0437\u0438\u0441\u043e\u043c COVID-19<\/title>\n<meta name=\"description\" content=\"\u0421\u043e\u0432\u0435\u0442 \u043c\u0438\u043d\u0438\u0441\u0442\u0440\u043e\u0432 \u0418\u0441\u043f\u0430\u043d\u0438\u0438 \u043e\u0434\u043e\u0431\u0440\u0438\u043b \u043f\u0440\u0430\u0432\u043e \u0418\u041f \u0438 \u043f\u0440\u0435\u0434\u043f\u0440\u0438\u044f\u0442\u0438\u0439 \u043c\u0430\u043b\u043e\u0433\u043e \u0438 \u0441\u0440\u0435\u0434\u043d\u0435\u0433\u043e \u0431\u0438\u0437\u043d\u0435\u0441\u0430, \u043f\u043e\u0441\u0442\u0440\u0430\u0434\u0430\u0432\u0448\u0438\u0445 \u0438\u0437-\u0437\u0430 \u043a\u0440\u0438\u0437\u0438\u0441\u0430 COVID-19, \u043d\u0430 \u043c\u043e\u0440\u0430\u0442\u043e\u0440\u0438\u0439 \u0430\u0440\u0435\u043d\u0434\u043d\u044b\u0445 \u043f\u043b\u0430\u0442\u0435\u0436\u0435\u0439 \u0437\u0430 \u043a\u043e\u043c\u043c\u0435\u0440\u0447\u0435\u0441\u043a\u0438\u0435 \u043f\u043e\u043c\u0435\u0449\u0435\u043d\u0438\u044f.\" \/>\n<meta name=\"robots\" content=\"index, follow, max-snippet:-1, max-image-preview:large, max-video-preview:-1\" \/>\n<link rel=\"canonical\" href=\"https:\/\/alegria-realestate.com\/pl\/wp-json\/wp\/v2\/posts\/165502\" \/>\n<meta property=\"og:locale\" content=\"pl_PL\" \/>\n<meta property=\"og:type\" content=\"article\" \/>\n<meta property=\"og:title\" content=\"\u041c\u043e\u0440\u0430\u0442\u043e\u0440\u0438\u0439 \u043d\u0430 \u0430\u0440\u0435\u043d\u0434\u0443 \u043a\u043e\u043c\u043c\u0435\u0440\u0447\u0435\u0441\u043a\u0438\u0445 \u043f\u043e\u043c\u0435\u0449\u0435\u043d\u0438\u0439 \u0434\u043b\u044f \u0418\u041f \u0438 \u043f\u0440\u0435\u0434\u043f\u0440\u0438\u044f\u0442\u0438\u0439 \u043c\u0430\u043b\u043e\u0433\u043e \u0438 \u0441\u0440\u0435\u0434\u043d\u0435\u0433\u043e \u0431\u0438\u0437\u043d\u0435\u0441\u0430 \u0432 \u0441\u0432\u044f\u0437\u0438 \u0441 \u043a\u0440\u0438\u0437\u0438\u0441\u043e\u043c COVID-19\" \/>\n<meta property=\"og:description\" content=\"\u0421\u043e\u0432\u0435\u0442 \u043c\u0438\u043d\u0438\u0441\u0442\u0440\u043e\u0432 \u0418\u0441\u043f\u0430\u043d\u0438\u0438 \u043e\u0434\u043e\u0431\u0440\u0438\u043b \u043f\u0440\u0430\u0432\u043e \u0418\u041f \u0438 \u043f\u0440\u0435\u0434\u043f\u0440\u0438\u044f\u0442\u0438\u0439 \u043c\u0430\u043b\u043e\u0433\u043e \u0438 \u0441\u0440\u0435\u0434\u043d\u0435\u0433\u043e \u0431\u0438\u0437\u043d\u0435\u0441\u0430, \u043f\u043e\u0441\u0442\u0440\u0430\u0434\u0430\u0432\u0448\u0438\u0445 \u0438\u0437-\u0437\u0430 \u043a\u0440\u0438\u0437\u0438\u0441\u0430 COVID-19, \u043d\u0430 \u043c\u043e\u0440\u0430\u0442\u043e\u0440\u0438\u0439 \u0430\u0440\u0435\u043d\u0434\u043d\u044b\u0445 \u043f\u043b\u0430\u0442\u0435\u0436\u0435\u0439 \u0437\u0430 \u043a\u043e\u043c\u043c\u0435\u0440\u0447\u0435\u0441\u043a\u0438\u0435 \u043f\u043e\u043c\u0435\u0449\u0435\u043d\u0438\u044f.\" \/>\n<meta property=\"og:url\" content=\"https:\/\/alegria-realestate.com\/pl\/wp-json\/wp\/v2\/posts\/165502\" \/>\n<meta property=\"og:site_name\" content=\"Nieruchomo\u015b\u0107 w Hiszpanii\" \/>\n<meta property=\"article:publisher\" content=\"https:\/\/www.facebook.com\/realestate.alegria\" \/>\n<meta property=\"article:published_time\" content=\"2020-04-23T08:55:17+00:00\" \/>\n<meta property=\"article:modified_time\" content=\"2025-08-14T17:06:45+00:00\" \/>\n<meta property=\"og:image\" content=\"https:\/\/alegria-realestate.com\/wp-content\/uploads\/2020\/04\/sommercial-premises-rental-moratorium.jpg\" \/>\n\t<meta property=\"og:image:width\" content=\"800\" \/>\n\t<meta property=\"og:image:height\" content=\"450\" \/>\n\t<meta property=\"og:image:type\" content=\"image\/jpeg\" \/>\n<meta name=\"author\" content=\"\u0421\u0435\u0440\u0433\u0435\u0439 \u0411\u0435\u043a\u0438\u0448\u0435\u0432\" \/>\n<meta name=\"twitter:card\" content=\"summary_large_image\" \/>\n<meta name=\"twitter:creator\" content=\"@alegriarealesta\" \/>\n<meta name=\"twitter:site\" content=\"@alegriarealesta\" \/>\n<script type=\"application\/ld+json\" class=\"yoast-schema-graph\">{\"@context\":\"https:\\\/\\\/schema.org\",\"@graph\":[{\"@type\":\"Article\",\"@id\":\"https:\\\/\\\/alegria-realestate.com\\\/pl\\\/articles\\\/sommercial-premises-rental-moratorium#article\",\"isPartOf\":{\"@id\":\"https:\\\/\\\/alegria-realestate.com\\\/pl\\\/articles\\\/sommercial-premises-rental-moratorium\"},\"author\":{\"name\":\"\u0421\u0435\u0440\u0433\u0435\u0439 \u0411\u0435\u043a\u0438\u0448\u0435\u0432\",\"@id\":\"https:\\\/\\\/alegria-realestate.com\\\/#\\\/schema\\\/person\\\/9d285f0a34620d7fb8e3836f93b5522c\"},\"headline\":\"Moratorium na wynajem lokali u\u017cytkowych dla przedsi\u0119biorc\u00f3w indywidualnych oraz ma\u0142ych i \u015brednich firm\",\"datePublished\":\"2020-04-23T08:55:17+00:00\",\"dateModified\":\"2025-08-14T17:06:45+00:00\",\"mainEntityOfPage\":{\"@id\":\"https:\\\/\\\/alegria-realestate.com\\\/pl\\\/articles\\\/sommercial-premises-rental-moratorium\"},\"wordCount\":5628,\"publisher\":{\"@id\":\"https:\\\/\\\/alegria-realestate.com\\\/#organization\"},\"image\":{\"@id\":\"https:\\\/\\\/alegria-realestate.com\\\/pl\\\/articles\\\/sommercial-premises-rental-moratorium#primaryimage\"},\"thumbnailUrl\":\"https:\\\/\\\/alegria-realestate.com\\\/wp-content\\\/uploads\\\/2020\\\/04\\\/sommercial-premises-rental-moratorium.jpg\",\"articleSection\":[\"Blog\",\"Wiadomo\u015bci\"],\"inLanguage\":\"pl-PL\"},{\"@type\":\"WebPage\",\"@id\":\"https:\\\/\\\/alegria-realestate.com\\\/pl\\\/articles\\\/sommercial-premises-rental-moratorium\",\"url\":\"https:\\\/\\\/alegria-realestate.com\\\/pl\\\/articles\\\/sommercial-premises-rental-moratorium\",\"name\":\"\u041c\u043e\u0440\u0430\u0442\u043e\u0440\u0438\u0439 \u043d\u0430 \u0430\u0440\u0435\u043d\u0434\u0443 \u043a\u043e\u043c\u043c\u0435\u0440\u0447\u0435\u0441\u043a\u0438\u0445 \u043f\u043e\u043c\u0435\u0449\u0435\u043d\u0438\u0439 \u0434\u043b\u044f \u0418\u041f \u0438 \u043f\u0440\u0435\u0434\u043f\u0440\u0438\u044f\u0442\u0438\u0439 \u043c\u0430\u043b\u043e\u0433\u043e \u0438 \u0441\u0440\u0435\u0434\u043d\u0435\u0433\u043e \u0431\u0438\u0437\u043d\u0435\u0441\u0430 \u0432 \u0441\u0432\u044f\u0437\u0438 \u0441 \u043a\u0440\u0438\u0437\u0438\u0441\u043e\u043c COVID-19\",\"isPartOf\":{\"@id\":\"https:\\\/\\\/alegria-realestate.com\\\/pl\\\/#website\"},\"primaryImageOfPage\":{\"@id\":\"https:\\\/\\\/alegria-realestate.com\\\/pl\\\/articles\\\/sommercial-premises-rental-moratorium#primaryimage\"},\"image\":{\"@id\":\"https:\\\/\\\/alegria-realestate.com\\\/pl\\\/articles\\\/sommercial-premises-rental-moratorium#primaryimage\"},\"thumbnailUrl\":\"https:\\\/\\\/alegria-realestate.com\\\/wp-content\\\/uploads\\\/2020\\\/04\\\/sommercial-premises-rental-moratorium.jpg\",\"datePublished\":\"2020-04-23T08:55:17+00:00\",\"dateModified\":\"2025-08-14T17:06:45+00:00\",\"description\":\"\u0421\u043e\u0432\u0435\u0442 \u043c\u0438\u043d\u0438\u0441\u0442\u0440\u043e\u0432 \u0418\u0441\u043f\u0430\u043d\u0438\u0438 \u043e\u0434\u043e\u0431\u0440\u0438\u043b \u043f\u0440\u0430\u0432\u043e \u0418\u041f \u0438 \u043f\u0440\u0435\u0434\u043f\u0440\u0438\u044f\u0442\u0438\u0439 \u043c\u0430\u043b\u043e\u0433\u043e \u0438 \u0441\u0440\u0435\u0434\u043d\u0435\u0433\u043e \u0431\u0438\u0437\u043d\u0435\u0441\u0430, \u043f\u043e\u0441\u0442\u0440\u0430\u0434\u0430\u0432\u0448\u0438\u0445 \u0438\u0437-\u0437\u0430 \u043a\u0440\u0438\u0437\u0438\u0441\u0430 COVID-19, \u043d\u0430 \u043c\u043e\u0440\u0430\u0442\u043e\u0440\u0438\u0439 \u0430\u0440\u0435\u043d\u0434\u043d\u044b\u0445 \u043f\u043b\u0430\u0442\u0435\u0436\u0435\u0439 \u0437\u0430 \u043a\u043e\u043c\u043c\u0435\u0440\u0447\u0435\u0441\u043a\u0438\u0435 \u043f\u043e\u043c\u0435\u0449\u0435\u043d\u0438\u044f.\",\"breadcrumb\":{\"@id\":\"https:\\\/\\\/alegria-realestate.com\\\/pl\\\/articles\\\/sommercial-premises-rental-moratorium#breadcrumb\"},\"inLanguage\":\"pl-PL\",\"potentialAction\":[{\"@type\":\"ReadAction\",\"target\":[[\"https:\\\/\\\/alegria-realestate.com\\\/pl\\\/articles\\\/sommercial-premises-rental-moratorium\"]]}]},{\"@type\":\"ImageObject\",\"inLanguage\":\"pl-PL\",\"@id\":\"https:\\\/\\\/alegria-realestate.com\\\/pl\\\/articles\\\/sommercial-premises-rental-moratorium#primaryimage\",\"url\":\"https:\\\/\\\/alegria-realestate.com\\\/wp-content\\\/uploads\\\/2020\\\/04\\\/sommercial-premises-rental-moratorium.jpg\",\"contentUrl\":\"https:\\\/\\\/alegria-realestate.com\\\/wp-content\\\/uploads\\\/2020\\\/04\\\/sommercial-premises-rental-moratorium.jpg\",\"width\":800,\"height\":450,\"caption\":\"\u041c\u043e\u0440\u0430\u0442\u043e\u0440\u0438\u0439 \u043d\u0430 \u0430\u0440\u0435\u043d\u0434\u0443 \u043a\u043e\u043c\u043c\u0435\u0440\u0447\u0435\u0441\u043a\u0438\u0445 \u043f\u043e\u043c\u0435\u0449\u0435\u043d\u0438\u0439 \u0434\u043b\u044f \u0418\u041f \u0438 \u043f\u0440\u0435\u0434\u043f\u0440\u0438\u044f\u0442\u0438\u0439 \u043c\u0430\u043b\u043e\u0433\u043e \u0438 \u0441\u0440\u0435\u0434\u043d\u0435\u0433\u043e \u0431\u0438\u0437\u043d\u0435\u0441\u0430\"},{\"@type\":\"BreadcrumbList\",\"@id\":\"https:\\\/\\\/alegria-realestate.com\\\/pl\\\/articles\\\/sommercial-premises-rental-moratorium#breadcrumb\",\"itemListElement\":[{\"@type\":\"ListItem\",\"position\":1,\"name\":\"\u0413\u043b\u0430\u0432\u043d\u0430\u044f \u0441\u0442\u0440\u0430\u043d\u0438\u0446\u0430\",\"item\":\"https:\\\/\\\/alegria-realestate.com\\\/pl\\\/\"},{\"@type\":\"ListItem\",\"position\":2,\"name\":\"Moratorium na wynajem lokali u\u017cytkowych dla przedsi\u0119biorc\u00f3w indywidualnych oraz ma\u0142ych i \u015brednich firm\"}]},{\"@type\":\"WebSite\",\"@id\":\"https:\\\/\\\/alegria-realestate.com\\\/pl\\\/#website\",\"url\":\"https:\\\/\\\/alegria-realestate.com\\\/pl\\\/\",\"name\":\"Nieruchomo\u015b\u0107 w Hiszpanii\",\"description\":\"Nieruchomo\u015bci w Hiszpanii: sprzeda\u017c we wszystkich miastach - Torrevieja, Alicante, Benidorm itp. Pomo\u017cemy Ci kupi\u0107 nieruchomo\u015bci na Costa Blanca - mieszkania wt\u00f3rne, nowe budynki. Projekt pod klucz. Nieruchomo\u015b\u0107 na Costa Blanca od 80 000 \u20ac.\",\"publisher\":{\"@id\":\"https:\\\/\\\/alegria-realestate.com\\\/pl\\\/#organization\"},\"potentialAction\":[{\"@type\":\"SearchAction\",\"target\":{\"@type\":\"EntryPoint\",\"urlTemplate\":\"https:\\\/\\\/alegria-realestate.com\\\/pl\\\/?s={search_term_string}\"},\"query-input\":{\"@type\":\"PropertyValueSpecification\",\"valueRequired\":true,\"valueName\":\"search_term_string\"}}],\"inLanguage\":\"pl-PL\"},{\"@type\":\"Organization\",\"@id\":\"https:\\\/\\\/alegria-realestate.com\\\/pl\\\/#organization\",\"name\":\"Alegria Realestate\",\"url\":\"https:\\\/\\\/alegria-realestate.com\\\/pl\\\/\",\"logo\":{\"@type\":\"ImageObject\",\"inLanguage\":\"pl-PL\",\"@id\":\"https:\\\/\\\/alegria-realestate.com\\\/pl\\\/#\\\/schema\\\/logo\\\/image\\\/\",\"url\":\"https:\\\/\\\/alegria-realestate.com\\\/wp-content\\\/uploads\\\/2019\\\/08\\\/logo_alegria.png\",\"contentUrl\":\"https:\\\/\\\/alegria-realestate.com\\\/wp-content\\\/uploads\\\/2019\\\/08\\\/logo_alegria.png\",\"width\":1600,\"height\":1403,\"caption\":\"Alegria Realestate\"},\"image\":{\"@id\":\"https:\\\/\\\/alegria-realestate.com\\\/pl\\\/#\\\/schema\\\/logo\\\/image\\\/\"},\"sameAs\":[\"https:\\\/\\\/www.facebook.com\\\/realestate.alegria\",\"https:\\\/\\\/x.com\\\/alegriarealesta\",\"https:\\\/\\\/www.instagram.com\\\/alegriadom\\\/\",\"https:\\\/\\\/www.linkedin.com\\\/profile\\\/view?id=154965227\",\"https:\\\/\\\/www.youtube.com\\\/user\\\/AlegriaRealEstate\"]},{\"@type\":\"Person\",\"@id\":\"https:\\\/\\\/alegria-realestate.com\\\/#\\\/schema\\\/person\\\/9d285f0a34620d7fb8e3836f93b5522c\",\"name\":\"\u0421\u0435\u0440\u0433\u0435\u0439 \u0411\u0435\u043a\u0438\u0448\u0435\u0432\"}]}<\/script>\n<!-- \/ Yoast SEO plugin. -->","yoast_head_json":{"title":"\u041c\u043e\u0440\u0430\u0442\u043e\u0440\u0438\u0439 \u043d\u0430 \u0430\u0440\u0435\u043d\u0434\u0443 \u043a\u043e\u043c\u043c\u0435\u0440\u0447\u0435\u0441\u043a\u0438\u0445 \u043f\u043e\u043c\u0435\u0449\u0435\u043d\u0438\u0439 \u0434\u043b\u044f \u0418\u041f \u0438 \u043f\u0440\u0435\u0434\u043f\u0440\u0438\u044f\u0442\u0438\u0439 \u043c\u0430\u043b\u043e\u0433\u043e \u0438 \u0441\u0440\u0435\u0434\u043d\u0435\u0433\u043e \u0431\u0438\u0437\u043d\u0435\u0441\u0430 \u0432 \u0441\u0432\u044f\u0437\u0438 \u0441 \u043a\u0440\u0438\u0437\u0438\u0441\u043e\u043c COVID-19","description":"\u0421\u043e\u0432\u0435\u0442 \u043c\u0438\u043d\u0438\u0441\u0442\u0440\u043e\u0432 \u0418\u0441\u043f\u0430\u043d\u0438\u0438 \u043e\u0434\u043e\u0431\u0440\u0438\u043b \u043f\u0440\u0430\u0432\u043e \u0418\u041f \u0438 \u043f\u0440\u0435\u0434\u043f\u0440\u0438\u044f\u0442\u0438\u0439 \u043c\u0430\u043b\u043e\u0433\u043e \u0438 \u0441\u0440\u0435\u0434\u043d\u0435\u0433\u043e \u0431\u0438\u0437\u043d\u0435\u0441\u0430, \u043f\u043e\u0441\u0442\u0440\u0430\u0434\u0430\u0432\u0448\u0438\u0445 \u0438\u0437-\u0437\u0430 \u043a\u0440\u0438\u0437\u0438\u0441\u0430 COVID-19, \u043d\u0430 \u043c\u043e\u0440\u0430\u0442\u043e\u0440\u0438\u0439 \u0430\u0440\u0435\u043d\u0434\u043d\u044b\u0445 \u043f\u043b\u0430\u0442\u0435\u0436\u0435\u0439 \u0437\u0430 \u043a\u043e\u043c\u043c\u0435\u0440\u0447\u0435\u0441\u043a\u0438\u0435 \u043f\u043e\u043c\u0435\u0449\u0435\u043d\u0438\u044f.","robots":{"index":"index","follow":"follow","max-snippet":"max-snippet:-1","max-image-preview":"max-image-preview:large","max-video-preview":"max-video-preview:-1"},"canonical":"https:\/\/alegria-realestate.com\/pl\/wp-json\/wp\/v2\/posts\/165502","og_locale":"pl_PL","og_type":"article","og_title":"\u041c\u043e\u0440\u0430\u0442\u043e\u0440\u0438\u0439 \u043d\u0430 \u0430\u0440\u0435\u043d\u0434\u0443 \u043a\u043e\u043c\u043c\u0435\u0440\u0447\u0435\u0441\u043a\u0438\u0445 \u043f\u043e\u043c\u0435\u0449\u0435\u043d\u0438\u0439 \u0434\u043b\u044f \u0418\u041f \u0438 \u043f\u0440\u0435\u0434\u043f\u0440\u0438\u044f\u0442\u0438\u0439 \u043c\u0430\u043b\u043e\u0433\u043e \u0438 \u0441\u0440\u0435\u0434\u043d\u0435\u0433\u043e \u0431\u0438\u0437\u043d\u0435\u0441\u0430 \u0432 \u0441\u0432\u044f\u0437\u0438 \u0441 \u043a\u0440\u0438\u0437\u0438\u0441\u043e\u043c COVID-19","og_description":"\u0421\u043e\u0432\u0435\u0442 \u043c\u0438\u043d\u0438\u0441\u0442\u0440\u043e\u0432 \u0418\u0441\u043f\u0430\u043d\u0438\u0438 \u043e\u0434\u043e\u0431\u0440\u0438\u043b \u043f\u0440\u0430\u0432\u043e \u0418\u041f \u0438 \u043f\u0440\u0435\u0434\u043f\u0440\u0438\u044f\u0442\u0438\u0439 \u043c\u0430\u043b\u043e\u0433\u043e \u0438 \u0441\u0440\u0435\u0434\u043d\u0435\u0433\u043e \u0431\u0438\u0437\u043d\u0435\u0441\u0430, \u043f\u043e\u0441\u0442\u0440\u0430\u0434\u0430\u0432\u0448\u0438\u0445 \u0438\u0437-\u0437\u0430 \u043a\u0440\u0438\u0437\u0438\u0441\u0430 COVID-19, \u043d\u0430 \u043c\u043e\u0440\u0430\u0442\u043e\u0440\u0438\u0439 \u0430\u0440\u0435\u043d\u0434\u043d\u044b\u0445 \u043f\u043b\u0430\u0442\u0435\u0436\u0435\u0439 \u0437\u0430 \u043a\u043e\u043c\u043c\u0435\u0440\u0447\u0435\u0441\u043a\u0438\u0435 \u043f\u043e\u043c\u0435\u0449\u0435\u043d\u0438\u044f.","og_url":"https:\/\/alegria-realestate.com\/pl\/wp-json\/wp\/v2\/posts\/165502","og_site_name":"Nieruchomo\u015b\u0107 w Hiszpanii","article_publisher":"https:\/\/www.facebook.com\/realestate.alegria","article_published_time":"2020-04-23T08:55:17+00:00","article_modified_time":"2025-08-14T17:06:45+00:00","og_image":[{"width":800,"height":450,"url":"https:\/\/alegria-realestate.com\/wp-content\/uploads\/2020\/04\/sommercial-premises-rental-moratorium.jpg","type":"image\/jpeg"}],"author":"\u0421\u0435\u0440\u0433\u0435\u0439 \u0411\u0435\u043a\u0438\u0448\u0435\u0432","twitter_card":"summary_large_image","twitter_creator":"@alegriarealesta","twitter_site":"@alegriarealesta","schema":{"@context":"https:\/\/schema.org","@graph":[{"@type":"Article","@id":"https:\/\/alegria-realestate.com\/pl\/articles\/sommercial-premises-rental-moratorium#article","isPartOf":{"@id":"https:\/\/alegria-realestate.com\/pl\/articles\/sommercial-premises-rental-moratorium"},"author":{"name":"\u0421\u0435\u0440\u0433\u0435\u0439 \u0411\u0435\u043a\u0438\u0448\u0435\u0432","@id":"https:\/\/alegria-realestate.com\/#\/schema\/person\/9d285f0a34620d7fb8e3836f93b5522c"},"headline":"Moratorium na wynajem lokali u\u017cytkowych dla przedsi\u0119biorc\u00f3w indywidualnych oraz ma\u0142ych i \u015brednich firm","datePublished":"2020-04-23T08:55:17+00:00","dateModified":"2025-08-14T17:06:45+00:00","mainEntityOfPage":{"@id":"https:\/\/alegria-realestate.com\/pl\/articles\/sommercial-premises-rental-moratorium"},"wordCount":5628,"publisher":{"@id":"https:\/\/alegria-realestate.com\/#organization"},"image":{"@id":"https:\/\/alegria-realestate.com\/pl\/articles\/sommercial-premises-rental-moratorium#primaryimage"},"thumbnailUrl":"https:\/\/alegria-realestate.com\/wp-content\/uploads\/2020\/04\/sommercial-premises-rental-moratorium.jpg","articleSection":["Blog","Wiadomo\u015bci"],"inLanguage":"pl-PL"},{"@type":"WebPage","@id":"https:\/\/alegria-realestate.com\/pl\/articles\/sommercial-premises-rental-moratorium","url":"https:\/\/alegria-realestate.com\/pl\/articles\/sommercial-premises-rental-moratorium","name":"\u041c\u043e\u0440\u0430\u0442\u043e\u0440\u0438\u0439 \u043d\u0430 \u0430\u0440\u0435\u043d\u0434\u0443 \u043a\u043e\u043c\u043c\u0435\u0440\u0447\u0435\u0441\u043a\u0438\u0445 \u043f\u043e\u043c\u0435\u0449\u0435\u043d\u0438\u0439 \u0434\u043b\u044f \u0418\u041f \u0438 \u043f\u0440\u0435\u0434\u043f\u0440\u0438\u044f\u0442\u0438\u0439 \u043c\u0430\u043b\u043e\u0433\u043e \u0438 \u0441\u0440\u0435\u0434\u043d\u0435\u0433\u043e \u0431\u0438\u0437\u043d\u0435\u0441\u0430 \u0432 \u0441\u0432\u044f\u0437\u0438 \u0441 \u043a\u0440\u0438\u0437\u0438\u0441\u043e\u043c COVID-19","isPartOf":{"@id":"https:\/\/alegria-realestate.com\/pl\/#website"},"primaryImageOfPage":{"@id":"https:\/\/alegria-realestate.com\/pl\/articles\/sommercial-premises-rental-moratorium#primaryimage"},"image":{"@id":"https:\/\/alegria-realestate.com\/pl\/articles\/sommercial-premises-rental-moratorium#primaryimage"},"thumbnailUrl":"https:\/\/alegria-realestate.com\/wp-content\/uploads\/2020\/04\/sommercial-premises-rental-moratorium.jpg","datePublished":"2020-04-23T08:55:17+00:00","dateModified":"2025-08-14T17:06:45+00:00","description":"\u0421\u043e\u0432\u0435\u0442 \u043c\u0438\u043d\u0438\u0441\u0442\u0440\u043e\u0432 \u0418\u0441\u043f\u0430\u043d\u0438\u0438 \u043e\u0434\u043e\u0431\u0440\u0438\u043b \u043f\u0440\u0430\u0432\u043e \u0418\u041f \u0438 \u043f\u0440\u0435\u0434\u043f\u0440\u0438\u044f\u0442\u0438\u0439 \u043c\u0430\u043b\u043e\u0433\u043e \u0438 \u0441\u0440\u0435\u0434\u043d\u0435\u0433\u043e \u0431\u0438\u0437\u043d\u0435\u0441\u0430, \u043f\u043e\u0441\u0442\u0440\u0430\u0434\u0430\u0432\u0448\u0438\u0445 \u0438\u0437-\u0437\u0430 \u043a\u0440\u0438\u0437\u0438\u0441\u0430 COVID-19, \u043d\u0430 \u043c\u043e\u0440\u0430\u0442\u043e\u0440\u0438\u0439 \u0430\u0440\u0435\u043d\u0434\u043d\u044b\u0445 \u043f\u043b\u0430\u0442\u0435\u0436\u0435\u0439 \u0437\u0430 \u043a\u043e\u043c\u043c\u0435\u0440\u0447\u0435\u0441\u043a\u0438\u0435 \u043f\u043e\u043c\u0435\u0449\u0435\u043d\u0438\u044f.","breadcrumb":{"@id":"https:\/\/alegria-realestate.com\/pl\/articles\/sommercial-premises-rental-moratorium#breadcrumb"},"inLanguage":"pl-PL","potentialAction":[{"@type":"ReadAction","target":[["https:\/\/alegria-realestate.com\/pl\/articles\/sommercial-premises-rental-moratorium"]]}]},{"@type":"ImageObject","inLanguage":"pl-PL","@id":"https:\/\/alegria-realestate.com\/pl\/articles\/sommercial-premises-rental-moratorium#primaryimage","url":"https:\/\/alegria-realestate.com\/wp-content\/uploads\/2020\/04\/sommercial-premises-rental-moratorium.jpg","contentUrl":"https:\/\/alegria-realestate.com\/wp-content\/uploads\/2020\/04\/sommercial-premises-rental-moratorium.jpg","width":800,"height":450,"caption":"\u041c\u043e\u0440\u0430\u0442\u043e\u0440\u0438\u0439 \u043d\u0430 \u0430\u0440\u0435\u043d\u0434\u0443 \u043a\u043e\u043c\u043c\u0435\u0440\u0447\u0435\u0441\u043a\u0438\u0445 \u043f\u043e\u043c\u0435\u0449\u0435\u043d\u0438\u0439 \u0434\u043b\u044f \u0418\u041f \u0438 \u043f\u0440\u0435\u0434\u043f\u0440\u0438\u044f\u0442\u0438\u0439 \u043c\u0430\u043b\u043e\u0433\u043e \u0438 \u0441\u0440\u0435\u0434\u043d\u0435\u0433\u043e \u0431\u0438\u0437\u043d\u0435\u0441\u0430"},{"@type":"BreadcrumbList","@id":"https:\/\/alegria-realestate.com\/pl\/articles\/sommercial-premises-rental-moratorium#breadcrumb","itemListElement":[{"@type":"ListItem","position":1,"name":"\u0413\u043b\u0430\u0432\u043d\u0430\u044f \u0441\u0442\u0440\u0430\u043d\u0438\u0446\u0430","item":"https:\/\/alegria-realestate.com\/pl\/"},{"@type":"ListItem","position":2,"name":"Moratorium na wynajem lokali u\u017cytkowych dla przedsi\u0119biorc\u00f3w indywidualnych oraz ma\u0142ych i \u015brednich firm"}]},{"@type":"WebSite","@id":"https:\/\/alegria-realestate.com\/pl\/#website","url":"https:\/\/alegria-realestate.com\/pl\/","name":"Nieruchomo\u015b\u0107 w Hiszpanii","description":"Nieruchomo\u015bci w Hiszpanii: sprzeda\u017c we wszystkich miastach - Torrevieja, Alicante, Benidorm itp. Pomo\u017cemy Ci kupi\u0107 nieruchomo\u015bci na Costa Blanca - mieszkania wt\u00f3rne, nowe budynki. Projekt pod klucz. Nieruchomo\u015b\u0107 na Costa Blanca od 80 000 \u20ac.","publisher":{"@id":"https:\/\/alegria-realestate.com\/pl\/#organization"},"potentialAction":[{"@type":"SearchAction","target":{"@type":"EntryPoint","urlTemplate":"https:\/\/alegria-realestate.com\/pl\/?s={search_term_string}"},"query-input":{"@type":"PropertyValueSpecification","valueRequired":true,"valueName":"search_term_string"}}],"inLanguage":"pl-PL"},{"@type":"Organization","@id":"https:\/\/alegria-realestate.com\/pl\/#organization","name":"Alegria Realestate","url":"https:\/\/alegria-realestate.com\/pl\/","logo":{"@type":"ImageObject","inLanguage":"pl-PL","@id":"https:\/\/alegria-realestate.com\/pl\/#\/schema\/logo\/image\/","url":"https:\/\/alegria-realestate.com\/wp-content\/uploads\/2019\/08\/logo_alegria.png","contentUrl":"https:\/\/alegria-realestate.com\/wp-content\/uploads\/2019\/08\/logo_alegria.png","width":1600,"height":1403,"caption":"Alegria Realestate"},"image":{"@id":"https:\/\/alegria-realestate.com\/pl\/#\/schema\/logo\/image\/"},"sameAs":["https:\/\/www.facebook.com\/realestate.alegria","https:\/\/x.com\/alegriarealesta","https:\/\/www.instagram.com\/alegriadom\/","https:\/\/www.linkedin.com\/profile\/view?id=154965227","https:\/\/www.youtube.com\/user\/AlegriaRealEstate"]},{"@type":"Person","@id":"https:\/\/alegria-realestate.com\/#\/schema\/person\/9d285f0a34620d7fb8e3836f93b5522c","name":"\u0421\u0435\u0440\u0433\u0435\u0439 \u0411\u0435\u043a\u0438\u0448\u0435\u0432"}]}},"_links":{"self":[{"href":"https:\/\/alegria-realestate.com\/pl\/wp-json\/wp\/v2\/posts\/165502","targetHints":{"allow":["GET"]}}],"collection":[{"href":"https:\/\/alegria-realestate.com\/pl\/wp-json\/wp\/v2\/posts"}],"about":[{"href":"https:\/\/alegria-realestate.com\/pl\/wp-json\/wp\/v2\/types\/post"}],"author":[{"embeddable":true,"href":"https:\/\/alegria-realestate.com\/pl\/wp-json\/wp\/v2\/users\/18"}],"replies":[{"embeddable":true,"href":"https:\/\/alegria-realestate.com\/pl\/wp-json\/wp\/v2\/comments?post=165502"}],"version-history":[{"count":1,"href":"https:\/\/alegria-realestate.com\/pl\/wp-json\/wp\/v2\/posts\/165502\/revisions"}],"predecessor-version":[{"id":837253,"href":"https:\/\/alegria-realestate.com\/pl\/wp-json\/wp\/v2\/posts\/165502\/revisions\/837253"}],"wp:featuredmedia":[{"embeddable":true,"href":"https:\/\/alegria-realestate.com\/pl\/wp-json\/wp\/v2\/media\/165503"}],"wp:attachment":[{"href":"https:\/\/alegria-realestate.com\/pl\/wp-json\/wp\/v2\/media?parent=165502"}],"wp:term":[{"taxonomy":"category","embeddable":true,"href":"https:\/\/alegria-realestate.com\/pl\/wp-json\/wp\/v2\/categories?post=165502"},{"taxonomy":"post_tag","embeddable":true,"href":"https:\/\/alegria-realestate.com\/pl\/wp-json\/wp\/v2\/tags?post=165502"}],"curies":[{"name":"wp","href":"https:\/\/api.w.org\/{rel}","templated":true}]}}