{"id":1705715,"date":"2026-09-01T18:04:30","date_gmt":"2026-09-01T15:04:30","guid":{"rendered":"https:\/\/alegria-realestate.com\/?p=1705715"},"modified":"2026-09-02T18:04:44","modified_gmt":"2026-09-02T15:04:44","slug":"events-torrevieja-alicante-costa-blanca-september-3-6-2026","status":"publish","type":"post","link":"https:\/\/alegria-realestate.com\/pl\/articles\/events-torrevieja-alicante-costa-blanca-september-3-6-2026","title":{"rendered":"Plany na weekend: kalendarz wydarze\u0144 3\u20136 wrze\u015bnia w Torrevieja i okolicach"},"content":{"rendered":"<p>Oto najciekawsze propozycje na koniec tygodnia dla mieszka\u0144c\u00f3w i go\u015bci <a href=\"https:\/\/alegria-realestate.com\/pl\/sale\/torrevieja\">Torrevieja<\/a> oraz pobliskich miejscowo\u015bci w prowincji <a href=\"https:\/\/alegria-realestate.com\/pl\/sale\/alicante\">Alicante<\/a>.<\/p>\n<h2>3\u20136 wrze\u015bnia. Wystawa El oro y el universo. Saberes ind\u00edgenas de Colombia<\/h2>\n<p>Do 2 maja 2027 roku w Muzeum Archeologicznym Alicante MARQ trwa du\u017ca mi\u0119dzynarodowa wystawa El oro y el universo. Saberes ind\u00edgenas de Colombia \u2013 Z\u0142oto i Wszech\u015bwiat. Wiedza rdzennych lud\u00f3w Kolumbii.<\/p>\n<p>Dzi\u0119ki historycznej wsp\u00f3\u0142pracy z Muzeum Z\u0142ota w Bogocie i Uniwersytetem Cambridge do Hiszpanii trafi\u0142a wyj\u0105tkowa kolekcja prawie 300 \u015bwi\u0119tych przedmiot\u00f3w, masek i pektora\u0142\u00f3w, kt\u00f3re ca\u0142kowicie zmieniaj\u0105 wyobra\u017cenie o micie El Dorado.<\/p>\n<p>Wystawa obejmuje 291 eksponat\u00f3w archeologicznych specjalnie wybranych na potrzeby tej ekspozycji, w tym oko\u0142o 157 przedmiot\u00f3w ze z\u0142ota, a tak\u017ce dzie\u0142a wsp\u00f3\u0142czesnych lud\u00f3w rdzennych. Wiele z tych eksponat\u00f3w jest prezentowanych w Hiszpanii po raz pierwszy.<\/p>\n<p>Szczeg\u00f3ln\u0105 uwag\u0119 przyci\u0105gaj\u0105 istoty hybrydyczne \u2013 takie jak s\u0142ynni ludzie-nietoperze czy szamani w locie. Przedmioty te s\u0105 wyj\u0105tkowe nie tylko dzi\u0119ki swojemu wzornictwu i mistrzostwu technicznemu, lecz tak\u017ce ze wzgl\u0119du na wa\u017cn\u0105 rol\u0119, jak\u0105 odgrywa\u0142y w zachowaniu \u015bwiata.<\/p>\n<p>Nie mniej wa\u017cne s\u0105 wyroby z ceramiki i kamienia, w\u015br\u00f3d kt\u00f3rych wyr\u00f3\u017cnia si\u0119 szeroka r\u00f3\u017cnorodno\u015b\u0107 figur ro\u015blin i zwierz\u0105t, cz\u0119\u015b\u0107 z nich jest dzi\u015b zagro\u017cona z powodu niszczenia ekosystem\u00f3w.<\/p>\n<p><strong>Godziny otwarcia:<\/strong> od 10:00 do 21:00, od wtorku do soboty; od 10:00 do 14:00, w niedziele i \u015bwi\u0119ta. <strong>Bilety:<\/strong> 6 euro.<\/p>\n<h2>3\u20136 wrze\u015bnia. Wirtualna wyprawa Egipto. Un crucero por el Nilo<\/h2>\n<p>Po sukcesie projekt\u00f3w Luna i Titanic, na kt\u00f3re sprzedano ju\u017c setki tysi\u0119cy bilet\u00f3w w takich miastach jak Madryt, Los Angeles, Melbourne, Dubaj, Rzym i Pary\u017c, nadszed\u0142 czas na now\u0105 wielk\u0105 przygod\u0119 w wirtualnej rzeczywisto\u015bci.<\/p>\n<p>Podr\u00f3\u017c do staro\u017cytnego Egiptu z imponuj\u0105c\u0105 scenografi\u0105 i zaskakuj\u0105cymi wyzwaniami mo\u017cna prze\u017cy\u0107 do 14 pa\u017adziernika w Virtual Zone Alicante przy Plaza de los Luceros, 17, Planta 1.<\/p>\n<p><strong>Pierwszy seans:<\/strong> 9:00. <strong>Ostatni seans:<\/strong> 22:00. <strong>Bilety:<\/strong> 26 euro. Liczba miejsc na ka\u017cdy seans jest ograniczona.<\/p>\n<h2>3\u20136 wrze\u015bnia. Rejs na wysp\u0119 Tabarca<\/h2>\n<p>Ka\u017cdego dnia z port\u00f3w w Torrevieja, Santa Pola lub Alicante mo\u017cna pop\u0142yn\u0105\u0107 \u0142odzi\u0105 na wysp\u0119 Tabarca \u2013 najwi\u0119ksz\u0105 i jedyn\u0105 zamieszkan\u0105 wysp\u0119 Wsp\u00f3lnoty Walenckiej.<\/p>\n<p>Podr\u00f3\u017cni mog\u0105 podziwia\u0107 podwodne widoki, odkrywa\u0107 bogat\u0105 morsk\u0105 r\u00f3\u017cnorodno\u015b\u0107 biologiczn\u0105, spr\u00f3bowa\u0107 da\u0144 w lokalnych restauracjach i odwiedzi\u0107 zabytki.<\/p>\n<p>\u0141\u00f3d\u017a mie\u015bci 250 pasa\u017cer\u00f3w, w tym osoby o ograniczonej mobilno\u015bci oraz zwierz\u0119ta domowe. Na pok\u0142ad mo\u017cna zabra\u0107 jedzenie i napoje.<\/p>\n<p><strong>Wyp\u0142yni\u0119cia:<\/strong> od 9:30 do 18:45. <strong>Powroty:<\/strong> od 10:30 do 19:30. <strong>Bilety z Torrevieja:<\/strong> 27 euro dla doros\u0142ych i 19 euro dla dzieci.<\/p>\n<h2>4 wrze\u015bnia. Show komika Slavy Komissarenki<\/h2>\n<p>Na terenie koncertowym VB Spaces w Alicante, przy Avinguda d\u2019Elx, 186, wyst\u0105pi znany bia\u0142oruski stand-uper Slava Komissarenko, kt\u00f3ry zdoby\u0142 popularno\u015b\u0107 dzi\u0119ki udzia\u0142owi w programach Smekh bez pravil i Comedy Battle.<\/p>\n<p>W ramach europejskiej trasy zaprezentuje program z\u0142o\u017cony zar\u00f3wno z nowego materia\u0142u, jak i z numer\u00f3w dobrze znanych publiczno\u015bci, kt\u00f3re zdobywaj\u0105 miliony wy\u015bwietle\u0144 w YouTube.<\/p>\n<p><strong>Pocz\u0105tek:<\/strong> 19:00. <strong>Bilety:<\/strong> od 40 do 80 euro.<\/p>\n<h2>4 wrze\u015bnia. Pi\u0105tkowy targ w Torrevieja<\/h2>\n<p>W ka\u017cdy pi\u0105tek w Parque Antonio Soria dzia\u0142a targ uliczny Torrevieja \u2013 jeden z najwi\u0119kszych o\u015brodk\u00f3w drobnego handlu w regionie Vega Baja.<\/p>\n<p>Na powierzchni 82 000 m\u00b2 znajduje si\u0119 do 700 stoisk i punkt\u00f3w sprzeda\u017cy z \u017cywno\u015bci\u0105, odzie\u017c\u0105, obuwiem, akcesoriami i innymi produktami w cenach konkurencyjnych wobec du\u017cych sieci supermarket\u00f3w.<\/p>\n<p>Targ w Torrevieja oferuje wiele udogodnie\u0144 \u2013 takich jak bezp\u0142atny parking, toalety publiczne i post\u00f3j taks\u00f3wek. Co 20 minut, od 8:00 do 14:00, kursuje autobus dostosowany do potrzeb os\u00f3b z ograniczon\u0105 mobilno\u015bci\u0105 i u\u017cytkownik\u00f3w w\u00f3zk\u00f3w inwalidzkich.<\/p>\n<p>Od pi\u0105tku do niedzieli, od 19:30, dzia\u0142a tu park atrakcji i gier dla wszystkich grup wiekowych.<\/p>\n<h2>4\u20135 wrze\u015bnia. XI Narodowy Festiwal Film\u00f3w Kr\u00f3tkometra\u017cowych<\/h2>\n<p>W Teatrze Miejskim w Torrevieja odb\u0119dzie si\u0119 XI Narodowy Festiwal Film\u00f3w Kr\u00f3tkometra\u017cowych, kt\u00f3ry co roku zamyka letni sezon w mie\u015bcie najlepszym programem ekskluzywnej selekcji ma\u0142ych pere\u0142 hiszpa\u0144skiego kina z ostatnich dw\u00f3ch lat.<\/p>\n<p>Wszystkie filmy s\u0105 wy\u015bwietlane w j\u0119zyku hiszpa\u0144skim z angielskimi napisami.<\/p>\n<p><strong>Pocz\u0105tek projekcji:<\/strong> 21:00. <strong>Wst\u0119p:<\/strong> bezp\u0142atny za zaproszeniem, kt\u00f3re mo\u017cna zam\u00f3wi\u0107 w mediach spo\u0142eczno\u015bciowych @torreviejaaudiovisual, na Instagramie i Facebooku, podaj\u0105c imi\u0119, nazwisko i numer telefonu kontaktowego.<\/p>\n<h2>5 wrze\u015bnia. Pokaz cyrkowy Gran Circus Maximus<\/h2>\n<p>W ka\u017cd\u0105 sobot\u0119 do 26 wrze\u015bnia w Villajoyosa, przy Partida Piletes, 26, odbywa si\u0119 tematyczne show cyrkowe Gran Circus Maximus, po\u015bwi\u0119cone najs\u0142ynniejszemu masowemu widowisku staro\u017cytnego Rzymu \u2013 walkom gladiator\u00f3w.<\/p>\n<p>Ponadto publiczno\u015b\u0107 b\u0119dzie mog\u0142a obejrze\u0107 wyst\u0119p jednej z najlepszych grup w Hiszpanii specjalizuj\u0105cych si\u0119 w pracy z ko\u0144mi.<\/p>\n<p><strong>Pocz\u0105tek:<\/strong> 21:00. <strong>Bilety:<\/strong> 15,93 euro dla dzieci i 26,28 euro dla doros\u0142ych. Z kolacj\u0105 \u2013 odpowiednio 46,98 euro i 62,5 euro.<\/p>","protected":false},"excerpt":{"rendered":"<p>Oto najciekawsze propozycje na koniec tygodnia dla mieszka\u0144c\u00f3w i\u2026<\/p>\n","protected":false},"author":34,"featured_media":1705717,"comment_status":"closed","ping_status":"closed","sticky":false,"template":"","format":"standard","meta":{"footnotes":""},"categories":[1],"tags":[],"class_list":["post-1705715","post","type-post","status-publish","format-standard","has-post-thumbnail","hentry","category-articles"],"yoast_head":"<!-- This site is optimized with the Yoast SEO plugin v28.3 - https:\/\/yoast.com\/product\/yoast-seo-wordpress\/ -->\n<title>Plany na weekend: przewodnik po wydarzeniach 3\u20136 wrze\u015bnia w Torrevieja i okolicach<\/title>\n<meta name=\"description\" content=\"Przewodnik po wydarzeniach 3\u20136 wrze\u015bnia w Torrevieja, Alicante i okolicach: wystawa w MARQ, wirtualna wycieczka po Egipcie, wycieczka na Tabark\u0119, show Slavy Komissarenki, pi\u0105tkowy jarmark, festiwal film\u00f3w kr\u00f3tkometra\u017cowych i Gran Circus Maximus.\" \/>\n<meta name=\"robots\" content=\"index, follow, max-snippet:-1, max-image-preview:large, max-video-preview:-1\" \/>\n<link rel=\"canonical\" href=\"https:\/\/alegria-realestate.com\/pl\/wp-json\/wp\/v2\/posts\/1705715\" \/>\n<meta property=\"og:locale\" content=\"pl_PL\" \/>\n<meta property=\"og:type\" content=\"article\" \/>\n<meta property=\"og:title\" content=\"Plany na weekend: przewodnik po wydarzeniach 3\u20136 wrze\u015bnia w Torrevieja i okolicach\" \/>\n<meta property=\"og:description\" content=\"Przewodnik po wydarzeniach 3\u20136 wrze\u015bnia w Torrevieja, Alicante i okolicach: wystawa w MARQ, wirtualna wycieczka po Egipcie, wycieczka na Tabark\u0119, show Slavy Komissarenki, pi\u0105tkowy jarmark, festiwal film\u00f3w kr\u00f3tkometra\u017cowych i Gran Circus Maximus.\" \/>\n<meta property=\"og:url\" content=\"https:\/\/alegria-realestate.com\/pl\/wp-json\/wp\/v2\/posts\/1705715\" \/>\n<meta property=\"og:site_name\" content=\"Nieruchomo\u015b\u0107 w Hiszpanii\" \/>\n<meta property=\"article:publisher\" content=\"https:\/\/www.facebook.com\/realestate.alegria\" \/>\n<meta property=\"article:published_time\" content=\"2026-09-01T15:04:30+00:00\" \/>\n<meta property=\"article:modified_time\" content=\"2026-09-02T15:04:44+00:00\" \/>\n<meta property=\"og:image\" content=\"https:\/\/alegria-realestate.com\/wp-content\/uploads\/2026\/09\/\u0410\u0444\u0438\u0448\u043004-06-09.png\" \/>\n\t<meta property=\"og:image:width\" content=\"1672\" \/>\n\t<meta property=\"og:image:height\" content=\"941\" \/>\n\t<meta property=\"og:image:type\" content=\"image\/png\" \/>\n<meta name=\"author\" content=\"Irina\" \/>\n<meta name=\"twitter:card\" content=\"summary_large_image\" \/>\n<meta name=\"twitter:creator\" content=\"@alegriarealesta\" \/>\n<meta name=\"twitter:site\" content=\"@alegriarealesta\" \/>\n<script type=\"application\/ld+json\" class=\"yoast-schema-graph\">{\"@context\":\"https:\\\/\\\/schema.org\",\"@graph\":[{\"@type\":\"Article\",\"@id\":\"https:\\\/\\\/alegria-realestate.com\\\/articles\\\/events-torrevieja-alicante-costa-blanca-september-3-6-2026#article\",\"isPartOf\":{\"@id\":\"https:\\\/\\\/alegria-realestate.com\\\/articles\\\/events-torrevieja-alicante-costa-blanca-september-3-6-2026\"},\"author\":{\"name\":\"Irina\",\"@id\":\"https:\\\/\\\/alegria-realestate.com\\\/#\\\/schema\\\/person\\\/d5f65cbf5d490b626f10bef994e91bde\"},\"headline\":\"Plany na weekend: kalendarz wydarze\u0144 3\u20136 wrze\u015bnia w Torrevieja i okolicach\",\"datePublished\":\"2026-09-01T15:04:30+00:00\",\"dateModified\":\"2026-09-02T15:04:44+00:00\",\"mainEntityOfPage\":{\"@id\":\"https:\\\/\\\/alegria-realestate.com\\\/articles\\\/events-torrevieja-alicante-costa-blanca-september-3-6-2026\"},\"wordCount\":8705,\"publisher\":{\"@id\":\"https:\\\/\\\/alegria-realestate.com\\\/#organization\"},\"image\":{\"@id\":\"https:\\\/\\\/alegria-realestate.com\\\/articles\\\/events-torrevieja-alicante-costa-blanca-september-3-6-2026#primaryimage\"},\"thumbnailUrl\":\"https:\\\/\\\/alegria-realestate.com\\\/wp-content\\\/uploads\\\/2026\\\/09\\\/\u0410\u0444\u0438\u0448\u043004-06-09.png\",\"articleSection\":[\"Blog\"],\"inLanguage\":\"pl-PL\"},{\"@type\":\"WebPage\",\"@id\":\"https:\\\/\\\/alegria-realestate.com\\\/pl\\\/articles\\\/events-torrevieja-alicante-costa-blanca-september-3-6-2026\",\"url\":\"https:\\\/\\\/alegria-realestate.com\\\/pl\\\/articles\\\/events-torrevieja-alicante-costa-blanca-september-3-6-2026\",\"name\":\"Plany na weekend: przewodnik po wydarzeniach 3\u20136 wrze\u015bnia w Torrevieja i okolicach\",\"isPartOf\":{\"@id\":\"https:\\\/\\\/alegria-realestate.com\\\/pl\\\/#website\"},\"primaryImageOfPage\":{\"@id\":\"https:\\\/\\\/alegria-realestate.com\\\/pl\\\/articles\\\/events-torrevieja-alicante-costa-blanca-september-3-6-2026#primaryimage\"},\"image\":{\"@id\":\"https:\\\/\\\/alegria-realestate.com\\\/articles\\\/events-torrevieja-alicante-costa-blanca-september-3-6-2026#primaryimage\"},\"thumbnailUrl\":\"https:\\\/\\\/alegria-realestate.com\\\/wp-content\\\/uploads\\\/2026\\\/09\\\/\u0410\u0444\u0438\u0448\u043004-06-09.png\",\"datePublished\":\"2026-09-01T15:04:30+00:00\",\"dateModified\":\"2026-09-02T15:04:44+00:00\",\"description\":\"Przewodnik po wydarzeniach 3\u20136 wrze\u015bnia w Torrevieja, Alicante i okolicach: wystawa w MARQ, wirtualna wycieczka po Egipcie, wycieczka na Tabark\u0119, show Slavy Komissarenki, pi\u0105tkowy jarmark, festiwal film\u00f3w kr\u00f3tkometra\u017cowych i Gran Circus Maximus.\",\"breadcrumb\":{\"@id\":\"https:\\\/\\\/alegria-realestate.com\\\/pl\\\/articles\\\/events-torrevieja-alicante-costa-blanca-september-3-6-2026#breadcrumb\"},\"inLanguage\":\"pl-PL\",\"potentialAction\":[{\"@type\":\"ReadAction\",\"target\":[[\"https:\\\/\\\/alegria-realestate.com\\\/pl\\\/articles\\\/events-torrevieja-alicante-costa-blanca-september-3-6-2026\"]]}]},{\"@type\":\"ImageObject\",\"inLanguage\":\"pl-PL\",\"@id\":\"https:\\\/\\\/alegria-realestate.com\\\/pl\\\/articles\\\/events-torrevieja-alicante-costa-blanca-september-3-6-2026#primaryimage\",\"url\":\"https:\\\/\\\/alegria-realestate.com\\\/wp-content\\\/uploads\\\/2026\\\/09\\\/\u0410\u0444\u0438\u0448\u043004-06-09.png\",\"contentUrl\":\"https:\\\/\\\/alegria-realestate.com\\\/wp-content\\\/uploads\\\/2026\\\/09\\\/\u0410\u0444\u0438\u0448\u043004-06-09.png\",\"width\":1672,\"height\":941},{\"@type\":\"BreadcrumbList\",\"@id\":\"https:\\\/\\\/alegria-realestate.com\\\/pl\\\/articles\\\/events-torrevieja-alicante-costa-blanca-september-3-6-2026#breadcrumb\",\"itemListElement\":[{\"@type\":\"ListItem\",\"position\":1,\"name\":\"\u0413\u043b\u0430\u0432\u043d\u0430\u044f \u0441\u0442\u0440\u0430\u043d\u0438\u0446\u0430\",\"item\":\"https:\\\/\\\/alegria-realestate.com\\\/pl\\\/\"},{\"@type\":\"ListItem\",\"position\":2,\"name\":\"\u041f\u043b\u0430\u043d\u044b \u043d\u0430 \u0432\u044b\u0445\u043e\u0434\u043d\u044b\u0435: \u0430\u0444\u0438\u0448\u0430 \u0441\u043e\u0431\u044b\u0442\u0438\u0439 3\u20136 \u0441\u0435\u043d\u0442\u044f\u0431\u0440\u044f \u0432 \u0422\u043e\u0440\u0440\u0435\u0432\u044c\u0435\u0445\u0435 \u0438 \u043e\u043a\u0440\u0435\u0441\u0442\u043d\u043e\u0441\u0442\u044f\u0445\"}]},{\"@type\":\"WebSite\",\"@id\":\"https:\\\/\\\/alegria-realestate.com\\\/pl\\\/#website\",\"url\":\"https:\\\/\\\/alegria-realestate.com\\\/pl\\\/\",\"name\":\"Nieruchomo\u015b\u0107 w Hiszpanii\",\"description\":\"Nieruchomo\u015bci w Hiszpanii: sprzeda\u017c we wszystkich miastach - Torrevieja, Alicante, Benidorm itp. Pomo\u017cemy Ci kupi\u0107 nieruchomo\u015bci na Costa Blanca - mieszkania wt\u00f3rne, nowe budynki. Projekt pod klucz. Nieruchomo\u015b\u0107 na Costa Blanca od 80 000 \u20ac.\",\"publisher\":{\"@id\":\"https:\\\/\\\/alegria-realestate.com\\\/pl\\\/#organization\"},\"potentialAction\":[{\"@type\":\"SearchAction\",\"target\":{\"@type\":\"EntryPoint\",\"urlTemplate\":\"https:\\\/\\\/alegria-realestate.com\\\/pl\\\/?s={search_term_string}\"},\"query-input\":{\"@type\":\"PropertyValueSpecification\",\"valueRequired\":true,\"valueName\":\"search_term_string\"}}],\"inLanguage\":\"pl-PL\"},{\"@type\":\"Organization\",\"@id\":\"https:\\\/\\\/alegria-realestate.com\\\/pl\\\/#organization\",\"name\":\"Alegria Realestate\",\"url\":\"https:\\\/\\\/alegria-realestate.com\\\/pl\\\/\",\"logo\":{\"@type\":\"ImageObject\",\"inLanguage\":\"pl-PL\",\"@id\":\"https:\\\/\\\/alegria-realestate.com\\\/pl\\\/#\\\/schema\\\/logo\\\/image\\\/\",\"url\":\"https:\\\/\\\/alegria-realestate.com\\\/wp-content\\\/uploads\\\/2019\\\/08\\\/logo_alegria.png\",\"contentUrl\":\"https:\\\/\\\/alegria-realestate.com\\\/wp-content\\\/uploads\\\/2019\\\/08\\\/logo_alegria.png\",\"width\":1600,\"height\":1403,\"caption\":\"Alegria Realestate\"},\"image\":{\"@id\":\"https:\\\/\\\/alegria-realestate.com\\\/pl\\\/#\\\/schema\\\/logo\\\/image\\\/\"},\"sameAs\":[\"https:\\\/\\\/www.facebook.com\\\/realestate.alegria\",\"https:\\\/\\\/x.com\\\/alegriarealesta\",\"https:\\\/\\\/www.instagram.com\\\/alegriadom\\\/\",\"https:\\\/\\\/www.linkedin.com\\\/profile\\\/view?id=154965227\",\"https:\\\/\\\/www.youtube.com\\\/user\\\/AlegriaRealEstate\"]},{\"@type\":\"Person\",\"@id\":\"https:\\\/\\\/alegria-realestate.com\\\/#\\\/schema\\\/person\\\/d5f65cbf5d490b626f10bef994e91bde\",\"name\":\"Irina\"}]}<\/script>\n<!-- \/ Yoast SEO plugin. -->","yoast_head_json":{"title":"Plany na weekend: przewodnik po wydarzeniach 3\u20136 wrze\u015bnia w Torrevieja i okolicach","description":"Przewodnik po wydarzeniach 3\u20136 wrze\u015bnia w Torrevieja, Alicante i okolicach: wystawa w MARQ, wirtualna wycieczka po Egipcie, wycieczka na Tabark\u0119, show Slavy Komissarenki, pi\u0105tkowy jarmark, festiwal film\u00f3w kr\u00f3tkometra\u017cowych i Gran Circus Maximus.","robots":{"index":"index","follow":"follow","max-snippet":"max-snippet:-1","max-image-preview":"max-image-preview:large","max-video-preview":"max-video-preview:-1"},"canonical":"https:\/\/alegria-realestate.com\/pl\/wp-json\/wp\/v2\/posts\/1705715","og_locale":"pl_PL","og_type":"article","og_title":"Plany na weekend: przewodnik po wydarzeniach 3\u20136 wrze\u015bnia w Torrevieja i okolicach","og_description":"Przewodnik po wydarzeniach 3\u20136 wrze\u015bnia w Torrevieja, Alicante i okolicach: wystawa w MARQ, wirtualna wycieczka po Egipcie, wycieczka na Tabark\u0119, show Slavy Komissarenki, pi\u0105tkowy jarmark, festiwal film\u00f3w kr\u00f3tkometra\u017cowych i Gran Circus Maximus.","og_url":"https:\/\/alegria-realestate.com\/pl\/wp-json\/wp\/v2\/posts\/1705715","og_site_name":"Nieruchomo\u015b\u0107 w Hiszpanii","article_publisher":"https:\/\/www.facebook.com\/realestate.alegria","article_published_time":"2026-09-01T15:04:30+00:00","article_modified_time":"2026-09-02T15:04:44+00:00","og_image":[{"width":1672,"height":941,"url":"https:\/\/alegria-realestate.com\/wp-content\/uploads\/2026\/09\/\u0410\u0444\u0438\u0448\u043004-06-09.png","type":"image\/png"}],"author":"Irina","twitter_card":"summary_large_image","twitter_creator":"@alegriarealesta","twitter_site":"@alegriarealesta","schema":{"@context":"https:\/\/schema.org","@graph":[{"@type":"Article","@id":"https:\/\/alegria-realestate.com\/articles\/events-torrevieja-alicante-costa-blanca-september-3-6-2026#article","isPartOf":{"@id":"https:\/\/alegria-realestate.com\/articles\/events-torrevieja-alicante-costa-blanca-september-3-6-2026"},"author":{"name":"Irina","@id":"https:\/\/alegria-realestate.com\/#\/schema\/person\/d5f65cbf5d490b626f10bef994e91bde"},"headline":"Plany na weekend: kalendarz wydarze\u0144 3\u20136 wrze\u015bnia w Torrevieja i okolicach","datePublished":"2026-09-01T15:04:30+00:00","dateModified":"2026-09-02T15:04:44+00:00","mainEntityOfPage":{"@id":"https:\/\/alegria-realestate.com\/articles\/events-torrevieja-alicante-costa-blanca-september-3-6-2026"},"wordCount":8705,"publisher":{"@id":"https:\/\/alegria-realestate.com\/#organization"},"image":{"@id":"https:\/\/alegria-realestate.com\/articles\/events-torrevieja-alicante-costa-blanca-september-3-6-2026#primaryimage"},"thumbnailUrl":"https:\/\/alegria-realestate.com\/wp-content\/uploads\/2026\/09\/\u0410\u0444\u0438\u0448\u043004-06-09.png","articleSection":["Blog"],"inLanguage":"pl-PL"},{"@type":"WebPage","@id":"https:\/\/alegria-realestate.com\/pl\/articles\/events-torrevieja-alicante-costa-blanca-september-3-6-2026","url":"https:\/\/alegria-realestate.com\/pl\/articles\/events-torrevieja-alicante-costa-blanca-september-3-6-2026","name":"Plany na weekend: przewodnik po wydarzeniach 3\u20136 wrze\u015bnia w Torrevieja i okolicach","isPartOf":{"@id":"https:\/\/alegria-realestate.com\/pl\/#website"},"primaryImageOfPage":{"@id":"https:\/\/alegria-realestate.com\/pl\/articles\/events-torrevieja-alicante-costa-blanca-september-3-6-2026#primaryimage"},"image":{"@id":"https:\/\/alegria-realestate.com\/articles\/events-torrevieja-alicante-costa-blanca-september-3-6-2026#primaryimage"},"thumbnailUrl":"https:\/\/alegria-realestate.com\/wp-content\/uploads\/2026\/09\/\u0410\u0444\u0438\u0448\u043004-06-09.png","datePublished":"2026-09-01T15:04:30+00:00","dateModified":"2026-09-02T15:04:44+00:00","description":"Przewodnik po wydarzeniach 3\u20136 wrze\u015bnia w Torrevieja, Alicante i okolicach: wystawa w MARQ, wirtualna wycieczka po Egipcie, wycieczka na Tabark\u0119, show Slavy Komissarenki, pi\u0105tkowy jarmark, festiwal film\u00f3w kr\u00f3tkometra\u017cowych i Gran Circus Maximus.","breadcrumb":{"@id":"https:\/\/alegria-realestate.com\/pl\/articles\/events-torrevieja-alicante-costa-blanca-september-3-6-2026#breadcrumb"},"inLanguage":"pl-PL","potentialAction":[{"@type":"ReadAction","target":[["https:\/\/alegria-realestate.com\/pl\/articles\/events-torrevieja-alicante-costa-blanca-september-3-6-2026"]]}]},{"@type":"ImageObject","inLanguage":"pl-PL","@id":"https:\/\/alegria-realestate.com\/pl\/articles\/events-torrevieja-alicante-costa-blanca-september-3-6-2026#primaryimage","url":"https:\/\/alegria-realestate.com\/wp-content\/uploads\/2026\/09\/\u0410\u0444\u0438\u0448\u043004-06-09.png","contentUrl":"https:\/\/alegria-realestate.com\/wp-content\/uploads\/2026\/09\/\u0410\u0444\u0438\u0448\u043004-06-09.png","width":1672,"height":941},{"@type":"BreadcrumbList","@id":"https:\/\/alegria-realestate.com\/pl\/articles\/events-torrevieja-alicante-costa-blanca-september-3-6-2026#breadcrumb","itemListElement":[{"@type":"ListItem","position":1,"name":"\u0413\u043b\u0430\u0432\u043d\u0430\u044f \u0441\u0442\u0440\u0430\u043d\u0438\u0446\u0430","item":"https:\/\/alegria-realestate.com\/pl\/"},{"@type":"ListItem","position":2,"name":"\u041f\u043b\u0430\u043d\u044b \u043d\u0430 \u0432\u044b\u0445\u043e\u0434\u043d\u044b\u0435: \u0430\u0444\u0438\u0448\u0430 \u0441\u043e\u0431\u044b\u0442\u0438\u0439 3\u20136 \u0441\u0435\u043d\u0442\u044f\u0431\u0440\u044f \u0432 \u0422\u043e\u0440\u0440\u0435\u0432\u044c\u0435\u0445\u0435 \u0438 \u043e\u043a\u0440\u0435\u0441\u0442\u043d\u043e\u0441\u0442\u044f\u0445"}]},{"@type":"WebSite","@id":"https:\/\/alegria-realestate.com\/pl\/#website","url":"https:\/\/alegria-realestate.com\/pl\/","name":"Nieruchomo\u015b\u0107 w Hiszpanii","description":"Nieruchomo\u015bci w Hiszpanii: sprzeda\u017c we wszystkich miastach - Torrevieja, Alicante, Benidorm itp. Pomo\u017cemy Ci kupi\u0107 nieruchomo\u015bci na Costa Blanca - mieszkania wt\u00f3rne, nowe budynki. Projekt pod klucz. Nieruchomo\u015b\u0107 na Costa Blanca od 80 000 \u20ac.","publisher":{"@id":"https:\/\/alegria-realestate.com\/pl\/#organization"},"potentialAction":[{"@type":"SearchAction","target":{"@type":"EntryPoint","urlTemplate":"https:\/\/alegria-realestate.com\/pl\/?s={search_term_string}"},"query-input":{"@type":"PropertyValueSpecification","valueRequired":true,"valueName":"search_term_string"}}],"inLanguage":"pl-PL"},{"@type":"Organization","@id":"https:\/\/alegria-realestate.com\/pl\/#organization","name":"Alegria Realestate","url":"https:\/\/alegria-realestate.com\/pl\/","logo":{"@type":"ImageObject","inLanguage":"pl-PL","@id":"https:\/\/alegria-realestate.com\/pl\/#\/schema\/logo\/image\/","url":"https:\/\/alegria-realestate.com\/wp-content\/uploads\/2019\/08\/logo_alegria.png","contentUrl":"https:\/\/alegria-realestate.com\/wp-content\/uploads\/2019\/08\/logo_alegria.png","width":1600,"height":1403,"caption":"Alegria Realestate"},"image":{"@id":"https:\/\/alegria-realestate.com\/pl\/#\/schema\/logo\/image\/"},"sameAs":["https:\/\/www.facebook.com\/realestate.alegria","https:\/\/x.com\/alegriarealesta","https:\/\/www.instagram.com\/alegriadom\/","https:\/\/www.linkedin.com\/profile\/view?id=154965227","https:\/\/www.youtube.com\/user\/AlegriaRealEstate"]},{"@type":"Person","@id":"https:\/\/alegria-realestate.com\/#\/schema\/person\/d5f65cbf5d490b626f10bef994e91bde","name":"Irina"}]}},"_links":{"self":[{"href":"https:\/\/alegria-realestate.com\/pl\/wp-json\/wp\/v2\/posts\/1705715","targetHints":{"allow":["GET"]}}],"collection":[{"href":"https:\/\/alegria-realestate.com\/pl\/wp-json\/wp\/v2\/posts"}],"about":[{"href":"https:\/\/alegria-realestate.com\/pl\/wp-json\/wp\/v2\/types\/post"}],"author":[{"embeddable":true,"href":"https:\/\/alegria-realestate.com\/pl\/wp-json\/wp\/v2\/users\/34"}],"replies":[{"embeddable":true,"href":"https:\/\/alegria-realestate.com\/pl\/wp-json\/wp\/v2\/comments?post=1705715"}],"version-history":[{"count":1,"href":"https:\/\/alegria-realestate.com\/pl\/wp-json\/wp\/v2\/posts\/1705715\/revisions"}],"predecessor-version":[{"id":1705716,"href":"https:\/\/alegria-realestate.com\/pl\/wp-json\/wp\/v2\/posts\/1705715\/revisions\/1705716"}],"wp:featuredmedia":[{"embeddable":true,"href":"https:\/\/alegria-realestate.com\/pl\/wp-json\/wp\/v2\/media\/1705717"}],"wp:attachment":[{"href":"https:\/\/alegria-realestate.com\/pl\/wp-json\/wp\/v2\/media?parent=1705715"}],"wp:term":[{"taxonomy":"category","embeddable":true,"href":"https:\/\/alegria-realestate.com\/pl\/wp-json\/wp\/v2\/categories?post=1705715"},{"taxonomy":"post_tag","embeddable":true,"href":"https:\/\/alegria-realestate.com\/pl\/wp-json\/wp\/v2\/tags?post=1705715"}],"curies":[{"name":"wp","href":"https:\/\/api.w.org\/{rel}","templated":true}]}}