{"id":174089,"date":"2020-05-14T12:23:41","date_gmt":"2020-05-14T09:23:41","guid":{"rendered":"https:\/\/alegria-realestate.com\/?p=174089"},"modified":"2025-08-14T20:07:06","modified_gmt":"2025-08-14T17:07:06","slug":"3-phase-tourism-reactivation-plan-in-the-ec-2020","status":"publish","type":"post","link":"https:\/\/alegria-realestate.com\/pl\/articles\/news\/3-phase-tourism-reactivation-plan-in-the-ec-2020","title":{"rendered":"Komisja Europejska zaproponowa\u0142a 3-fazowy plan reaktywacji turystyki w UE, aby uratowa\u0107 sezon letni 2020"},"content":{"rendered":"<p>\u201eTego lata nie b\u0119dzie takie samo jak zwykle, ale nie ma powodu, aby ca\u0142kowicie traci\u0107 je na rzecz turystyki\u201d \u2013 powiedzia\u0142a w \u015brod\u0119 Margrethe Vestager, europejska komisarz ds. konkurencji w swoim przem\u00f3wieniu, w kt\u00f3rym ujawniono 3-fazowy plan reaktywacji. sektora turystyki w UE, a tak\u017ce zalecenia Komisji Europejskiej w tym zakresie. Rekomendacje Brukseli pojawi\u0142y si\u0119 ju\u017c po tym, jak niekt\u00f3re kraje podj\u0119\u0142y ju\u017c w\u0142asne dzia\u0142ania w tym zakresie. W przypadku Hiszpanii obowi\u0105zkowa dwutygodniowa <a href=\"https:\/\/alegria-realestate.com\/ru\/articles\/news\/quarantine-demand-for-houses-with-a-pool-in-spain\">kwarantanna<\/a> dla wszystkich przybywaj\u0105cych z zagranicy zosta\u0142a og\u0142oszona od 15 maja. Bruksela uwa\u017ca ten \u015brodek za zb\u0119dny: je\u015bli inne kraje podejm\u0105 odpowiednie dzia\u0142ania w celu zapewnienia bezpiecze\u0144stwa sanitarnego, ta kwarantanna nie b\u0119dzie konieczna. Komisja Europejska zaproponowa\u0142a utworzenie \u201ekorytarzy bezpiecze\u0144stwa\u201d mi\u0119dzy krajami o podobnej sytuacji epidemiologicznej oraz zapowiedzia\u0142a 3-fazowy plan reaktywacji sektora turystycznego. Bruksela podkre\u015bla, \u017ce proces naprawy musi odbywa\u0107 si\u0119 \u201ew spos\u00f3b skoordynowany, zgodny i niedyskryminacyjny\u201d. Tylko w tym przypadku uda si\u0119 zaoszcz\u0119dzi\u0107 przynajmniej cz\u0119\u015b\u0107 nadchodz\u0105cego sezonu letniego w UE, gdzie bran\u017ca turystyczna odpowiada za 10% PKB.<\/p>\n<ul>\n<li> Faza 1. W pierwszej fazie nale\u017cy ograniczy\u0107 ruch w taki sam spos\u00f3b jak teraz.<\/li>\n<li> Faza 2. W kolejnej fazie obywatele pa\u0144stw o podobnej sytuacji epidemiologicznej b\u0119d\u0105 mogli podr\u00f3\u017cowa\u0107 do tych kraj\u00f3w.<\/li>\n<\/ul>\n<p> Aby ustali\u0107, czy dany kraj jest gotowy do wej\u015bcia w now\u0105 faz\u0119, Bruksela, a dok\u0142adniej Europejska Agencja ds. Kontroli Chor\u00f3b (ECDC), przeprowadzi dog\u0142\u0119bn\u0105 ocen\u0119 sytuacji na swoim terytorium na podstawie danych dostarczonych przez jej rz\u0105d. Jednak nie ma jeszcze jednolitych kryteri\u00f3w oceny sytuacji epidemiologicznej, a ka\u017cdy kraj stosuje w\u0142asny system. Komunikacja mi\u0119dzy krajami w drugiej fazie b\u0119dzie realizowana za pomoc\u0105 pojazd\u00f3w zapewniaj\u0105cych maksymalny poziom bezpiecze\u0144stwa. Oznacza to, \u017ce na przyk\u0142ad, je\u015bli zostanie utworzony korytarz bezpiecze\u0144stwa mi\u0119dzy Niemcami a Grecj\u0105, ruch mo\u017ce odbywa\u0107 si\u0119 tylko drog\u0105 powietrzn\u0105, co pozwoli unikn\u0105\u0107 przekraczania granic kraj\u00f3w, kt\u00f3re nie s\u0105 po\u0142\u0105czone korytarzem.<\/p>\n<ul>\n<li> Faza 3. Trzecia faza to powr\u00f3t do normalno\u015bci w ca\u0142ej strefie Schengen.<\/li>\n<\/ul>\n<p> Bruksela zaleca zachowanie dystansu spo\u0142ecznego i u\u017cywanie masek we wszystkich \u015brodkach transportu oraz proponuje protoko\u0142y sanitarne <a href=\"https:\/\/alegria-realestate.com\/ru\/articles\/alicante-benidorm-and-elche-hotels-prepare-to-receive-tourists-in-july\">dla hoteli<\/a> i innych rodzaj\u00f3w zakwaterowania turystycznego. Ponadto konieczne jest wzmocnienie \u015brodk\u00f3w higieny, zapewnienie dobrej wentylacji w pomieszczeniach zamkni\u0119tych oraz monitorowanie odleg\u0142o\u015bci spo\u0142ecznych w cz\u0119\u015bciach wsp\u00f3lnych. Jednocze\u015bnie Bruksela przyznaje, \u017ce s\u0105 miejsca, w kt\u00f3rych utrzymanie wymaganej odleg\u0142o\u015bci jest bardzo trudne, np. w samolotach. Jednocze\u015bnie Komisja Europejska nie proponuje pozostawiania \u015brodkowego siedzenia niezaj\u0119tego, jednak pasa\u017cerowie i cz\u0142onkowie za\u0142ogi musz\u0105 nosi\u0107 maski, a w kabinie musi by\u0107 zapewniona dobra wentylacja.<\/p>","protected":false},"excerpt":{"rendered":"<p>\u201eTego lata nie b\u0119dzie takie samo jak zwykle, ale\u2026<\/p>\n","protected":false},"author":18,"featured_media":174092,"comment_status":"closed","ping_status":"closed","sticky":false,"template":"","format":"standard","meta":{"footnotes":""},"categories":[15],"tags":[],"class_list":["post-174089","post","type-post","status-publish","format-standard","has-post-thumbnail","hentry","category-news"],"yoast_head":"<!-- This site is optimized with the Yoast SEO plugin v27.5 - https:\/\/yoast.com\/product\/yoast-seo-wordpress\/ -->\n<title>\u0415\u0432\u0440\u043e\u043a\u043e\u043c\u0438\u0441\u0441\u0438\u044f \u043f\u0440\u0435\u0434\u043b\u043e\u0436\u0438\u043b\u0430 3-\u0444\u0430\u0437\u043d\u044b\u0439 \u043f\u043b\u0430\u043d \u043f\u043e \u0440\u0435\u0430\u043a\u0442\u0438\u0432\u0430\u0446\u0438\u0438 \u0442\u0443\u0440\u0438\u0437\u043c\u0430 \u0432 \u0415\u0421, \u0447\u0442\u043e\u0431\u044b \u0441\u043f\u0430\u0441\u0442\u0438 \u043b\u0435\u0442\u043d\u0438\u0439 \u0441\u0435\u0437\u043e\u043d 2020<\/title>\n<meta name=\"description\" content=\"\u0412 \u043c\u0438\u043d\u0443\u0432\u0448\u0443\u044e \u0441\u0440\u0435\u0434\u0443 \u0411\u0440\u044e\u0441\u0441\u0435\u043b\u044c \u043e\u0431\u043d\u0430\u0440\u043e\u0434\u043e\u0432\u0430\u043b 3-\u0444\u0430\u0437\u043d\u044b\u0439 \u043f\u043b\u0430\u043d \u043e\u0442\u043a\u0440\u044b\u0442\u0438\u044f \u0433\u0440\u0430\u043d\u0438\u0446 \u0438 \u0432\u043e\u0441\u0441\u0442\u0430\u043d\u043e\u0432\u043b\u0435\u043d\u0438\u044f \u0442\u0443\u0440\u0438\u0437\u043c\u0430 \u043d\u0430 \u0442\u0435\u0440\u0440\u0438\u0442\u043e\u0440\u0438\u0438 \u0415\u0421, \u043a\u043e\u0442\u043e\u0440\u044b\u0439 \u043f\u043e\u043c\u043e\u0436\u0435\u0442 \u0441\u043f\u0430\u0441\u0442\u0438 \u043b\u0435\u0442\u043d\u0438\u0439 \u0441\u0435\u0437\u043e\u043d 2020.\" \/>\n<meta name=\"robots\" content=\"index, follow, max-snippet:-1, max-image-preview:large, max-video-preview:-1\" \/>\n<link rel=\"canonical\" href=\"https:\/\/alegria-realestate.com\/pl\/wp-json\/wp\/v2\/posts\/174089\" \/>\n<meta property=\"og:locale\" content=\"pl_PL\" \/>\n<meta property=\"og:type\" content=\"article\" \/>\n<meta property=\"og:title\" content=\"\u0415\u0432\u0440\u043e\u043a\u043e\u043c\u0438\u0441\u0441\u0438\u044f \u043f\u0440\u0435\u0434\u043b\u043e\u0436\u0438\u043b\u0430 3-\u0444\u0430\u0437\u043d\u044b\u0439 \u043f\u043b\u0430\u043d \u043f\u043e \u0440\u0435\u0430\u043a\u0442\u0438\u0432\u0430\u0446\u0438\u0438 \u0442\u0443\u0440\u0438\u0437\u043c\u0430 \u0432 \u0415\u0421, \u0447\u0442\u043e\u0431\u044b \u0441\u043f\u0430\u0441\u0442\u0438 \u043b\u0435\u0442\u043d\u0438\u0439 \u0441\u0435\u0437\u043e\u043d 2020\" \/>\n<meta property=\"og:description\" content=\"\u0412 \u043c\u0438\u043d\u0443\u0432\u0448\u0443\u044e \u0441\u0440\u0435\u0434\u0443 \u0411\u0440\u044e\u0441\u0441\u0435\u043b\u044c \u043e\u0431\u043d\u0430\u0440\u043e\u0434\u043e\u0432\u0430\u043b 3-\u0444\u0430\u0437\u043d\u044b\u0439 \u043f\u043b\u0430\u043d \u043e\u0442\u043a\u0440\u044b\u0442\u0438\u044f \u0433\u0440\u0430\u043d\u0438\u0446 \u0438 \u0432\u043e\u0441\u0441\u0442\u0430\u043d\u043e\u0432\u043b\u0435\u043d\u0438\u044f \u0442\u0443\u0440\u0438\u0437\u043c\u0430 \u043d\u0430 \u0442\u0435\u0440\u0440\u0438\u0442\u043e\u0440\u0438\u0438 \u0415\u0421, \u043a\u043e\u0442\u043e\u0440\u044b\u0439 \u043f\u043e\u043c\u043e\u0436\u0435\u0442 \u0441\u043f\u0430\u0441\u0442\u0438 \u043b\u0435\u0442\u043d\u0438\u0439 \u0441\u0435\u0437\u043e\u043d 2020.\" \/>\n<meta property=\"og:url\" content=\"https:\/\/alegria-realestate.com\/pl\/wp-json\/wp\/v2\/posts\/174089\" \/>\n<meta property=\"og:site_name\" content=\"Nieruchomo\u015b\u0107 w Hiszpanii\" \/>\n<meta property=\"article:publisher\" content=\"https:\/\/www.facebook.com\/realestate.alegria\" \/>\n<meta property=\"article:published_time\" content=\"2020-05-14T09:23:41+00:00\" \/>\n<meta property=\"article:modified_time\" content=\"2025-08-14T17:07:06+00:00\" \/>\n<meta property=\"og:image\" content=\"https:\/\/alegria-realestate.com\/wp-content\/uploads\/2020\/05\/phase-tourism-reactivation-plan-in-the-ec-2020.png\" \/>\n\t<meta property=\"og:image:width\" content=\"1000\" \/>\n\t<meta property=\"og:image:height\" content=\"506\" \/>\n\t<meta property=\"og:image:type\" content=\"image\/png\" \/>\n<meta name=\"author\" content=\"\u0421\u0435\u0440\u0433\u0435\u0439 \u0411\u0435\u043a\u0438\u0448\u0435\u0432\" \/>\n<meta name=\"twitter:card\" content=\"summary_large_image\" \/>\n<meta name=\"twitter:creator\" content=\"@alegriarealesta\" \/>\n<meta name=\"twitter:site\" content=\"@alegriarealesta\" \/>\n<script type=\"application\/ld+json\" class=\"yoast-schema-graph\">{\"@context\":\"https:\\\/\\\/schema.org\",\"@graph\":[{\"@type\":\"Article\",\"@id\":\"https:\\\/\\\/alegria-realestate.com\\\/pl\\\/articles\\\/news\\\/3-phase-tourism-reactivation-plan-in-the-ec-2020#article\",\"isPartOf\":{\"@id\":\"https:\\\/\\\/alegria-realestate.com\\\/pl\\\/articles\\\/news\\\/3-phase-tourism-reactivation-plan-in-the-ec-2020\"},\"author\":{\"name\":\"\u0421\u0435\u0440\u0433\u0435\u0439 \u0411\u0435\u043a\u0438\u0448\u0435\u0432\",\"@id\":\"https:\\\/\\\/alegria-realestate.com\\\/#\\\/schema\\\/person\\\/9d285f0a34620d7fb8e3836f93b5522c\"},\"headline\":\"Komisja Europejska zaproponowa\u0142a 3-fazowy plan reaktywacji turystyki w UE, aby uratowa\u0107 sezon letni 2020\",\"datePublished\":\"2020-05-14T09:23:41+00:00\",\"dateModified\":\"2025-08-14T17:07:06+00:00\",\"mainEntityOfPage\":{\"@id\":\"https:\\\/\\\/alegria-realestate.com\\\/pl\\\/articles\\\/news\\\/3-phase-tourism-reactivation-plan-in-the-ec-2020\"},\"wordCount\":3535,\"publisher\":{\"@id\":\"https:\\\/\\\/alegria-realestate.com\\\/#organization\"},\"image\":{\"@id\":\"https:\\\/\\\/alegria-realestate.com\\\/pl\\\/articles\\\/news\\\/3-phase-tourism-reactivation-plan-in-the-ec-2020#primaryimage\"},\"thumbnailUrl\":\"https:\\\/\\\/alegria-realestate.com\\\/wp-content\\\/uploads\\\/2020\\\/05\\\/phase-tourism-reactivation-plan-in-the-ec-2020.png\",\"articleSection\":[\"Wiadomo\u015bci\"],\"inLanguage\":\"pl-PL\"},{\"@type\":\"WebPage\",\"@id\":\"https:\\\/\\\/alegria-realestate.com\\\/pl\\\/articles\\\/news\\\/3-phase-tourism-reactivation-plan-in-the-ec-2020\",\"url\":\"https:\\\/\\\/alegria-realestate.com\\\/pl\\\/articles\\\/news\\\/3-phase-tourism-reactivation-plan-in-the-ec-2020\",\"name\":\"\u0415\u0432\u0440\u043e\u043a\u043e\u043c\u0438\u0441\u0441\u0438\u044f \u043f\u0440\u0435\u0434\u043b\u043e\u0436\u0438\u043b\u0430 3-\u0444\u0430\u0437\u043d\u044b\u0439 \u043f\u043b\u0430\u043d \u043f\u043e \u0440\u0435\u0430\u043a\u0442\u0438\u0432\u0430\u0446\u0438\u0438 \u0442\u0443\u0440\u0438\u0437\u043c\u0430 \u0432 \u0415\u0421, \u0447\u0442\u043e\u0431\u044b \u0441\u043f\u0430\u0441\u0442\u0438 \u043b\u0435\u0442\u043d\u0438\u0439 \u0441\u0435\u0437\u043e\u043d 2020\",\"isPartOf\":{\"@id\":\"https:\\\/\\\/alegria-realestate.com\\\/pl\\\/#website\"},\"primaryImageOfPage\":{\"@id\":\"https:\\\/\\\/alegria-realestate.com\\\/pl\\\/articles\\\/news\\\/3-phase-tourism-reactivation-plan-in-the-ec-2020#primaryimage\"},\"image\":{\"@id\":\"https:\\\/\\\/alegria-realestate.com\\\/pl\\\/articles\\\/news\\\/3-phase-tourism-reactivation-plan-in-the-ec-2020#primaryimage\"},\"thumbnailUrl\":\"https:\\\/\\\/alegria-realestate.com\\\/wp-content\\\/uploads\\\/2020\\\/05\\\/phase-tourism-reactivation-plan-in-the-ec-2020.png\",\"datePublished\":\"2020-05-14T09:23:41+00:00\",\"dateModified\":\"2025-08-14T17:07:06+00:00\",\"description\":\"\u0412 \u043c\u0438\u043d\u0443\u0432\u0448\u0443\u044e \u0441\u0440\u0435\u0434\u0443 \u0411\u0440\u044e\u0441\u0441\u0435\u043b\u044c \u043e\u0431\u043d\u0430\u0440\u043e\u0434\u043e\u0432\u0430\u043b 3-\u0444\u0430\u0437\u043d\u044b\u0439 \u043f\u043b\u0430\u043d \u043e\u0442\u043a\u0440\u044b\u0442\u0438\u044f \u0433\u0440\u0430\u043d\u0438\u0446 \u0438 \u0432\u043e\u0441\u0441\u0442\u0430\u043d\u043e\u0432\u043b\u0435\u043d\u0438\u044f \u0442\u0443\u0440\u0438\u0437\u043c\u0430 \u043d\u0430 \u0442\u0435\u0440\u0440\u0438\u0442\u043e\u0440\u0438\u0438 \u0415\u0421, \u043a\u043e\u0442\u043e\u0440\u044b\u0439 \u043f\u043e\u043c\u043e\u0436\u0435\u0442 \u0441\u043f\u0430\u0441\u0442\u0438 \u043b\u0435\u0442\u043d\u0438\u0439 \u0441\u0435\u0437\u043e\u043d 2020.\",\"breadcrumb\":{\"@id\":\"https:\\\/\\\/alegria-realestate.com\\\/pl\\\/articles\\\/news\\\/3-phase-tourism-reactivation-plan-in-the-ec-2020#breadcrumb\"},\"inLanguage\":\"pl-PL\",\"potentialAction\":[{\"@type\":\"ReadAction\",\"target\":[[\"https:\\\/\\\/alegria-realestate.com\\\/pl\\\/articles\\\/news\\\/3-phase-tourism-reactivation-plan-in-the-ec-2020\"]]}]},{\"@type\":\"ImageObject\",\"inLanguage\":\"pl-PL\",\"@id\":\"https:\\\/\\\/alegria-realestate.com\\\/pl\\\/articles\\\/news\\\/3-phase-tourism-reactivation-plan-in-the-ec-2020#primaryimage\",\"url\":\"https:\\\/\\\/alegria-realestate.com\\\/wp-content\\\/uploads\\\/2020\\\/05\\\/phase-tourism-reactivation-plan-in-the-ec-2020.png\",\"contentUrl\":\"https:\\\/\\\/alegria-realestate.com\\\/wp-content\\\/uploads\\\/2020\\\/05\\\/phase-tourism-reactivation-plan-in-the-ec-2020.png\",\"width\":1000,\"height\":506},{\"@type\":\"BreadcrumbList\",\"@id\":\"https:\\\/\\\/alegria-realestate.com\\\/pl\\\/articles\\\/news\\\/3-phase-tourism-reactivation-plan-in-the-ec-2020#breadcrumb\",\"itemListElement\":[{\"@type\":\"ListItem\",\"position\":1,\"name\":\"\u0413\u043b\u0430\u0432\u043d\u0430\u044f \u0441\u0442\u0440\u0430\u043d\u0438\u0446\u0430\",\"item\":\"https:\\\/\\\/alegria-realestate.com\\\/pl\\\/\"},{\"@type\":\"ListItem\",\"position\":2,\"name\":\"Komisja Europejska zaproponowa\u0142a 3-fazowy plan reaktywacji turystyki w UE, aby uratowa\u0107 sezon letni 2020\"}]},{\"@type\":\"WebSite\",\"@id\":\"https:\\\/\\\/alegria-realestate.com\\\/pl\\\/#website\",\"url\":\"https:\\\/\\\/alegria-realestate.com\\\/pl\\\/\",\"name\":\"Nieruchomo\u015b\u0107 w Hiszpanii\",\"description\":\"Nieruchomo\u015bci w Hiszpanii: sprzeda\u017c we wszystkich miastach - Torrevieja, Alicante, Benidorm itp. Pomo\u017cemy Ci kupi\u0107 nieruchomo\u015bci na Costa Blanca - mieszkania wt\u00f3rne, nowe budynki. Projekt pod klucz. Nieruchomo\u015b\u0107 na Costa Blanca od 80 000 \u20ac.\",\"publisher\":{\"@id\":\"https:\\\/\\\/alegria-realestate.com\\\/pl\\\/#organization\"},\"potentialAction\":[{\"@type\":\"SearchAction\",\"target\":{\"@type\":\"EntryPoint\",\"urlTemplate\":\"https:\\\/\\\/alegria-realestate.com\\\/pl\\\/?s={search_term_string}\"},\"query-input\":{\"@type\":\"PropertyValueSpecification\",\"valueRequired\":true,\"valueName\":\"search_term_string\"}}],\"inLanguage\":\"pl-PL\"},{\"@type\":\"Organization\",\"@id\":\"https:\\\/\\\/alegria-realestate.com\\\/pl\\\/#organization\",\"name\":\"Alegria Realestate\",\"url\":\"https:\\\/\\\/alegria-realestate.com\\\/pl\\\/\",\"logo\":{\"@type\":\"ImageObject\",\"inLanguage\":\"pl-PL\",\"@id\":\"https:\\\/\\\/alegria-realestate.com\\\/pl\\\/#\\\/schema\\\/logo\\\/image\\\/\",\"url\":\"https:\\\/\\\/alegria-realestate.com\\\/wp-content\\\/uploads\\\/2019\\\/08\\\/logo_alegria.png\",\"contentUrl\":\"https:\\\/\\\/alegria-realestate.com\\\/wp-content\\\/uploads\\\/2019\\\/08\\\/logo_alegria.png\",\"width\":1600,\"height\":1403,\"caption\":\"Alegria Realestate\"},\"image\":{\"@id\":\"https:\\\/\\\/alegria-realestate.com\\\/pl\\\/#\\\/schema\\\/logo\\\/image\\\/\"},\"sameAs\":[\"https:\\\/\\\/www.facebook.com\\\/realestate.alegria\",\"https:\\\/\\\/x.com\\\/alegriarealesta\",\"https:\\\/\\\/www.instagram.com\\\/alegriadom\\\/\",\"https:\\\/\\\/www.linkedin.com\\\/profile\\\/view?id=154965227\",\"https:\\\/\\\/www.youtube.com\\\/user\\\/AlegriaRealEstate\"]},{\"@type\":\"Person\",\"@id\":\"https:\\\/\\\/alegria-realestate.com\\\/#\\\/schema\\\/person\\\/9d285f0a34620d7fb8e3836f93b5522c\",\"name\":\"\u0421\u0435\u0440\u0433\u0435\u0439 \u0411\u0435\u043a\u0438\u0448\u0435\u0432\"}]}<\/script>\n<!-- \/ Yoast SEO plugin. -->","yoast_head_json":{"title":"\u0415\u0432\u0440\u043e\u043a\u043e\u043c\u0438\u0441\u0441\u0438\u044f \u043f\u0440\u0435\u0434\u043b\u043e\u0436\u0438\u043b\u0430 3-\u0444\u0430\u0437\u043d\u044b\u0439 \u043f\u043b\u0430\u043d \u043f\u043e \u0440\u0435\u0430\u043a\u0442\u0438\u0432\u0430\u0446\u0438\u0438 \u0442\u0443\u0440\u0438\u0437\u043c\u0430 \u0432 \u0415\u0421, \u0447\u0442\u043e\u0431\u044b \u0441\u043f\u0430\u0441\u0442\u0438 \u043b\u0435\u0442\u043d\u0438\u0439 \u0441\u0435\u0437\u043e\u043d 2020","description":"\u0412 \u043c\u0438\u043d\u0443\u0432\u0448\u0443\u044e \u0441\u0440\u0435\u0434\u0443 \u0411\u0440\u044e\u0441\u0441\u0435\u043b\u044c \u043e\u0431\u043d\u0430\u0440\u043e\u0434\u043e\u0432\u0430\u043b 3-\u0444\u0430\u0437\u043d\u044b\u0439 \u043f\u043b\u0430\u043d \u043e\u0442\u043a\u0440\u044b\u0442\u0438\u044f \u0433\u0440\u0430\u043d\u0438\u0446 \u0438 \u0432\u043e\u0441\u0441\u0442\u0430\u043d\u043e\u0432\u043b\u0435\u043d\u0438\u044f \u0442\u0443\u0440\u0438\u0437\u043c\u0430 \u043d\u0430 \u0442\u0435\u0440\u0440\u0438\u0442\u043e\u0440\u0438\u0438 \u0415\u0421, \u043a\u043e\u0442\u043e\u0440\u044b\u0439 \u043f\u043e\u043c\u043e\u0436\u0435\u0442 \u0441\u043f\u0430\u0441\u0442\u0438 \u043b\u0435\u0442\u043d\u0438\u0439 \u0441\u0435\u0437\u043e\u043d 2020.","robots":{"index":"index","follow":"follow","max-snippet":"max-snippet:-1","max-image-preview":"max-image-preview:large","max-video-preview":"max-video-preview:-1"},"canonical":"https:\/\/alegria-realestate.com\/pl\/wp-json\/wp\/v2\/posts\/174089","og_locale":"pl_PL","og_type":"article","og_title":"\u0415\u0432\u0440\u043e\u043a\u043e\u043c\u0438\u0441\u0441\u0438\u044f \u043f\u0440\u0435\u0434\u043b\u043e\u0436\u0438\u043b\u0430 3-\u0444\u0430\u0437\u043d\u044b\u0439 \u043f\u043b\u0430\u043d \u043f\u043e \u0440\u0435\u0430\u043a\u0442\u0438\u0432\u0430\u0446\u0438\u0438 \u0442\u0443\u0440\u0438\u0437\u043c\u0430 \u0432 \u0415\u0421, \u0447\u0442\u043e\u0431\u044b \u0441\u043f\u0430\u0441\u0442\u0438 \u043b\u0435\u0442\u043d\u0438\u0439 \u0441\u0435\u0437\u043e\u043d 2020","og_description":"\u0412 \u043c\u0438\u043d\u0443\u0432\u0448\u0443\u044e \u0441\u0440\u0435\u0434\u0443 \u0411\u0440\u044e\u0441\u0441\u0435\u043b\u044c \u043e\u0431\u043d\u0430\u0440\u043e\u0434\u043e\u0432\u0430\u043b 3-\u0444\u0430\u0437\u043d\u044b\u0439 \u043f\u043b\u0430\u043d \u043e\u0442\u043a\u0440\u044b\u0442\u0438\u044f \u0433\u0440\u0430\u043d\u0438\u0446 \u0438 \u0432\u043e\u0441\u0441\u0442\u0430\u043d\u043e\u0432\u043b\u0435\u043d\u0438\u044f \u0442\u0443\u0440\u0438\u0437\u043c\u0430 \u043d\u0430 \u0442\u0435\u0440\u0440\u0438\u0442\u043e\u0440\u0438\u0438 \u0415\u0421, \u043a\u043e\u0442\u043e\u0440\u044b\u0439 \u043f\u043e\u043c\u043e\u0436\u0435\u0442 \u0441\u043f\u0430\u0441\u0442\u0438 \u043b\u0435\u0442\u043d\u0438\u0439 \u0441\u0435\u0437\u043e\u043d 2020.","og_url":"https:\/\/alegria-realestate.com\/pl\/wp-json\/wp\/v2\/posts\/174089","og_site_name":"Nieruchomo\u015b\u0107 w Hiszpanii","article_publisher":"https:\/\/www.facebook.com\/realestate.alegria","article_published_time":"2020-05-14T09:23:41+00:00","article_modified_time":"2025-08-14T17:07:06+00:00","og_image":[{"width":1000,"height":506,"url":"https:\/\/alegria-realestate.com\/wp-content\/uploads\/2020\/05\/phase-tourism-reactivation-plan-in-the-ec-2020.png","type":"image\/png"}],"author":"\u0421\u0435\u0440\u0433\u0435\u0439 \u0411\u0435\u043a\u0438\u0448\u0435\u0432","twitter_card":"summary_large_image","twitter_creator":"@alegriarealesta","twitter_site":"@alegriarealesta","schema":{"@context":"https:\/\/schema.org","@graph":[{"@type":"Article","@id":"https:\/\/alegria-realestate.com\/pl\/articles\/news\/3-phase-tourism-reactivation-plan-in-the-ec-2020#article","isPartOf":{"@id":"https:\/\/alegria-realestate.com\/pl\/articles\/news\/3-phase-tourism-reactivation-plan-in-the-ec-2020"},"author":{"name":"\u0421\u0435\u0440\u0433\u0435\u0439 \u0411\u0435\u043a\u0438\u0448\u0435\u0432","@id":"https:\/\/alegria-realestate.com\/#\/schema\/person\/9d285f0a34620d7fb8e3836f93b5522c"},"headline":"Komisja Europejska zaproponowa\u0142a 3-fazowy plan reaktywacji turystyki w UE, aby uratowa\u0107 sezon letni 2020","datePublished":"2020-05-14T09:23:41+00:00","dateModified":"2025-08-14T17:07:06+00:00","mainEntityOfPage":{"@id":"https:\/\/alegria-realestate.com\/pl\/articles\/news\/3-phase-tourism-reactivation-plan-in-the-ec-2020"},"wordCount":3535,"publisher":{"@id":"https:\/\/alegria-realestate.com\/#organization"},"image":{"@id":"https:\/\/alegria-realestate.com\/pl\/articles\/news\/3-phase-tourism-reactivation-plan-in-the-ec-2020#primaryimage"},"thumbnailUrl":"https:\/\/alegria-realestate.com\/wp-content\/uploads\/2020\/05\/phase-tourism-reactivation-plan-in-the-ec-2020.png","articleSection":["Wiadomo\u015bci"],"inLanguage":"pl-PL"},{"@type":"WebPage","@id":"https:\/\/alegria-realestate.com\/pl\/articles\/news\/3-phase-tourism-reactivation-plan-in-the-ec-2020","url":"https:\/\/alegria-realestate.com\/pl\/articles\/news\/3-phase-tourism-reactivation-plan-in-the-ec-2020","name":"\u0415\u0432\u0440\u043e\u043a\u043e\u043c\u0438\u0441\u0441\u0438\u044f \u043f\u0440\u0435\u0434\u043b\u043e\u0436\u0438\u043b\u0430 3-\u0444\u0430\u0437\u043d\u044b\u0439 \u043f\u043b\u0430\u043d \u043f\u043e \u0440\u0435\u0430\u043a\u0442\u0438\u0432\u0430\u0446\u0438\u0438 \u0442\u0443\u0440\u0438\u0437\u043c\u0430 \u0432 \u0415\u0421, \u0447\u0442\u043e\u0431\u044b \u0441\u043f\u0430\u0441\u0442\u0438 \u043b\u0435\u0442\u043d\u0438\u0439 \u0441\u0435\u0437\u043e\u043d 2020","isPartOf":{"@id":"https:\/\/alegria-realestate.com\/pl\/#website"},"primaryImageOfPage":{"@id":"https:\/\/alegria-realestate.com\/pl\/articles\/news\/3-phase-tourism-reactivation-plan-in-the-ec-2020#primaryimage"},"image":{"@id":"https:\/\/alegria-realestate.com\/pl\/articles\/news\/3-phase-tourism-reactivation-plan-in-the-ec-2020#primaryimage"},"thumbnailUrl":"https:\/\/alegria-realestate.com\/wp-content\/uploads\/2020\/05\/phase-tourism-reactivation-plan-in-the-ec-2020.png","datePublished":"2020-05-14T09:23:41+00:00","dateModified":"2025-08-14T17:07:06+00:00","description":"\u0412 \u043c\u0438\u043d\u0443\u0432\u0448\u0443\u044e \u0441\u0440\u0435\u0434\u0443 \u0411\u0440\u044e\u0441\u0441\u0435\u043b\u044c \u043e\u0431\u043d\u0430\u0440\u043e\u0434\u043e\u0432\u0430\u043b 3-\u0444\u0430\u0437\u043d\u044b\u0439 \u043f\u043b\u0430\u043d \u043e\u0442\u043a\u0440\u044b\u0442\u0438\u044f \u0433\u0440\u0430\u043d\u0438\u0446 \u0438 \u0432\u043e\u0441\u0441\u0442\u0430\u043d\u043e\u0432\u043b\u0435\u043d\u0438\u044f \u0442\u0443\u0440\u0438\u0437\u043c\u0430 \u043d\u0430 \u0442\u0435\u0440\u0440\u0438\u0442\u043e\u0440\u0438\u0438 \u0415\u0421, \u043a\u043e\u0442\u043e\u0440\u044b\u0439 \u043f\u043e\u043c\u043e\u0436\u0435\u0442 \u0441\u043f\u0430\u0441\u0442\u0438 \u043b\u0435\u0442\u043d\u0438\u0439 \u0441\u0435\u0437\u043e\u043d 2020.","breadcrumb":{"@id":"https:\/\/alegria-realestate.com\/pl\/articles\/news\/3-phase-tourism-reactivation-plan-in-the-ec-2020#breadcrumb"},"inLanguage":"pl-PL","potentialAction":[{"@type":"ReadAction","target":[["https:\/\/alegria-realestate.com\/pl\/articles\/news\/3-phase-tourism-reactivation-plan-in-the-ec-2020"]]}]},{"@type":"ImageObject","inLanguage":"pl-PL","@id":"https:\/\/alegria-realestate.com\/pl\/articles\/news\/3-phase-tourism-reactivation-plan-in-the-ec-2020#primaryimage","url":"https:\/\/alegria-realestate.com\/wp-content\/uploads\/2020\/05\/phase-tourism-reactivation-plan-in-the-ec-2020.png","contentUrl":"https:\/\/alegria-realestate.com\/wp-content\/uploads\/2020\/05\/phase-tourism-reactivation-plan-in-the-ec-2020.png","width":1000,"height":506},{"@type":"BreadcrumbList","@id":"https:\/\/alegria-realestate.com\/pl\/articles\/news\/3-phase-tourism-reactivation-plan-in-the-ec-2020#breadcrumb","itemListElement":[{"@type":"ListItem","position":1,"name":"\u0413\u043b\u0430\u0432\u043d\u0430\u044f \u0441\u0442\u0440\u0430\u043d\u0438\u0446\u0430","item":"https:\/\/alegria-realestate.com\/pl\/"},{"@type":"ListItem","position":2,"name":"Komisja Europejska zaproponowa\u0142a 3-fazowy plan reaktywacji turystyki w UE, aby uratowa\u0107 sezon letni 2020"}]},{"@type":"WebSite","@id":"https:\/\/alegria-realestate.com\/pl\/#website","url":"https:\/\/alegria-realestate.com\/pl\/","name":"Nieruchomo\u015b\u0107 w Hiszpanii","description":"Nieruchomo\u015bci w Hiszpanii: sprzeda\u017c we wszystkich miastach - Torrevieja, Alicante, Benidorm itp. Pomo\u017cemy Ci kupi\u0107 nieruchomo\u015bci na Costa Blanca - mieszkania wt\u00f3rne, nowe budynki. Projekt pod klucz. Nieruchomo\u015b\u0107 na Costa Blanca od 80 000 \u20ac.","publisher":{"@id":"https:\/\/alegria-realestate.com\/pl\/#organization"},"potentialAction":[{"@type":"SearchAction","target":{"@type":"EntryPoint","urlTemplate":"https:\/\/alegria-realestate.com\/pl\/?s={search_term_string}"},"query-input":{"@type":"PropertyValueSpecification","valueRequired":true,"valueName":"search_term_string"}}],"inLanguage":"pl-PL"},{"@type":"Organization","@id":"https:\/\/alegria-realestate.com\/pl\/#organization","name":"Alegria Realestate","url":"https:\/\/alegria-realestate.com\/pl\/","logo":{"@type":"ImageObject","inLanguage":"pl-PL","@id":"https:\/\/alegria-realestate.com\/pl\/#\/schema\/logo\/image\/","url":"https:\/\/alegria-realestate.com\/wp-content\/uploads\/2019\/08\/logo_alegria.png","contentUrl":"https:\/\/alegria-realestate.com\/wp-content\/uploads\/2019\/08\/logo_alegria.png","width":1600,"height":1403,"caption":"Alegria Realestate"},"image":{"@id":"https:\/\/alegria-realestate.com\/pl\/#\/schema\/logo\/image\/"},"sameAs":["https:\/\/www.facebook.com\/realestate.alegria","https:\/\/x.com\/alegriarealesta","https:\/\/www.instagram.com\/alegriadom\/","https:\/\/www.linkedin.com\/profile\/view?id=154965227","https:\/\/www.youtube.com\/user\/AlegriaRealEstate"]},{"@type":"Person","@id":"https:\/\/alegria-realestate.com\/#\/schema\/person\/9d285f0a34620d7fb8e3836f93b5522c","name":"\u0421\u0435\u0440\u0433\u0435\u0439 \u0411\u0435\u043a\u0438\u0448\u0435\u0432"}]}},"_links":{"self":[{"href":"https:\/\/alegria-realestate.com\/pl\/wp-json\/wp\/v2\/posts\/174089","targetHints":{"allow":["GET"]}}],"collection":[{"href":"https:\/\/alegria-realestate.com\/pl\/wp-json\/wp\/v2\/posts"}],"about":[{"href":"https:\/\/alegria-realestate.com\/pl\/wp-json\/wp\/v2\/types\/post"}],"author":[{"embeddable":true,"href":"https:\/\/alegria-realestate.com\/pl\/wp-json\/wp\/v2\/users\/18"}],"replies":[{"embeddable":true,"href":"https:\/\/alegria-realestate.com\/pl\/wp-json\/wp\/v2\/comments?post=174089"}],"version-history":[{"count":1,"href":"https:\/\/alegria-realestate.com\/pl\/wp-json\/wp\/v2\/posts\/174089\/revisions"}],"predecessor-version":[{"id":837268,"href":"https:\/\/alegria-realestate.com\/pl\/wp-json\/wp\/v2\/posts\/174089\/revisions\/837268"}],"wp:featuredmedia":[{"embeddable":true,"href":"https:\/\/alegria-realestate.com\/pl\/wp-json\/wp\/v2\/media\/174092"}],"wp:attachment":[{"href":"https:\/\/alegria-realestate.com\/pl\/wp-json\/wp\/v2\/media?parent=174089"}],"wp:term":[{"taxonomy":"category","embeddable":true,"href":"https:\/\/alegria-realestate.com\/pl\/wp-json\/wp\/v2\/categories?post=174089"},{"taxonomy":"post_tag","embeddable":true,"href":"https:\/\/alegria-realestate.com\/pl\/wp-json\/wp\/v2\/tags?post=174089"}],"curies":[{"name":"wp","href":"https:\/\/api.w.org\/{rel}","templated":true}]}}