{"id":180419,"date":"2020-05-29T12:15:22","date_gmt":"2020-05-29T09:15:22","guid":{"rendered":"https:\/\/alegria-realestate.com\/?p=180419"},"modified":"2025-08-14T20:07:20","modified_gmt":"2025-08-14T17:07:20","slug":"the-valencian-community-moves-into-phase-2-from-monday-june-1","status":"publish","type":"post","link":"https:\/\/alegria-realestate.com\/pl\/articles\/news\/the-valencian-community-moves-into-phase-2-from-monday-june-1","title":{"rendered":"Wsp\u00f3lnota Walencji wchodzi w faz\u0119 2 od poniedzia\u0142ku 1 czerwca"},"content":{"rendered":"<p>Od poniedzia\u0142ku 1 czerwca ca\u0142a Wsp\u00f3lnota Walencji wchodzi w faz\u0119 2 deeskalacji. Ta faza obejmuje kilka bardzo wa\u017cnych zwolnie\u0144 kwarantannowych: zniesienie rozk\u0142ad\u00f3w jazdy i innych ogranicze\u0144 w spacerach, otwarcie pla\u017c i basen\u00f3w, otwarcie centr\u00f3w handlowych itp. Przyjrzyjmy si\u0119 najwa\u017cniejszym z nich.<\/p>\n<h2> Gdzie mo\u017cesz je\u017adzi\u0107 i chodzi\u0107?<\/h2>\n<p> Zasady poruszania si\u0119 pozostaj\u0105 na razie niezmienione: mo\u017cesz swobodnie porusza\u0107 si\u0119 tylko w obr\u0119bie swojej prowincji (lub wyspy). Znika jednak zasada, \u017ce mo\u017cna chodzi\u0107 tylko w promieniu 1 km od domu. Ponadto mo\u017cesz teraz uprawia\u0107 sport nie tylko w swojej gminie.<\/p>\n<h2> A co z harmonogramem?<\/h2>\n<p> W fazie 2 harmonogramy spacer\u00f3w i \u0107wicze\u0144 zosta\u0142y wyeliminowane i mo\u017cna je teraz wykonywa\u0107 o dowolnej porze dnia. Jedynymi wyj\u0105tkami s\u0105 osoby starsze, dla kt\u00f3rych grafik obowi\u0105zuje: od 10.00 do 12.00 i od 19.00 do 20.00. Zak\u0142ada si\u0119, \u017ce reszta w tym czasie nie mo\u017ce chodzi\u0107.<\/p>\n<h2> Sporty dozwolone w grupach<\/h2>\n<p> Teraz mo\u017cesz uprawia\u0107 sporty (bieganie, jazda na rowerze) w grupach do 15 os\u00f3b.<\/p>\n<h2> Spotkania z przyjaci\u00f3\u0142mi i rodzin\u0105<\/h2>\n<p> Mo\u017cesz gromadzi\u0107 si\u0119 w grupach do 15 os\u00f3b, zar\u00f3wno w domu, jak i na ulicy.<\/p>\n<h2> Bary i restauracje<\/h2>\n<p> Mog\u0105 otwiera\u0107 wn\u0119trze, ale ob\u0142o\u017cenie nie mo\u017ce przekracza\u0107 40 &#8211; 50% (w zale\u017cno\u015bci od autonomii). Nie mo\u017cesz korzysta\u0107 z licznik\u00f3w bar\u00f3w &#8211; tylko sto\u0142y. Zabrania si\u0119 wr\u0119czania klientom menu, serwetnik\u00f3w, butelek oleju i octu.<\/p>\n<h2> Otwarte pla\u017ce k\u0105pielowe<\/h2>\n<p> Od drugiej fazy w Hiszpanii pla\u017ce s\u0105 otwarte do p\u0142ywania i wszelkiego rodzaju zaj\u0119\u0107 rekreacyjnych. Nale\u017cy zachowa\u0107 bezpieczn\u0105 odleg\u0142o\u015b\u0107. Dozwolone jest zbieranie si\u0119 w grupy do 15 os\u00f3b, korzystanie z prysznic\u00f3w i przebieralni. Kawiarnie na pla\u017cy &#8211; chiringuito &#8211; otwarte na takich samych zasadach jak inne kawiarnie, bary i restauracje. Za regulacj\u0119 zaj\u0119to\u015bci pla\u017cy odpowiadaj\u0105 w\u0142adze lokalne.<\/p>\n<h2> Otwarcie basen\u00f3w<\/h2>\n<p> Od etapu 2 baseny, w tym kryte, s\u0105 otwarte. Mo\u017cna je zwiedza\u0107 po wcze\u015bniejszym um\u00f3wieniu lub wed\u0142ug ustalonego harmonogramu, przy ob\u0142o\u017ceniu nie wi\u0119kszym ni\u017c 30% i z zachowaniem bezpiecznej odleg\u0142o\u015bci. Nie mo\u017cna u\u017cywa\u0107 dusz. To wszystko dotyczy r\u00f3wnie\u017c basen\u00f3w znajduj\u0105cych si\u0119 w rezydencjach.<\/p>\n<h2> Centra handlowe otwarte<\/h2>\n<p> Faza 2 pozwala na otwarcie absolutnie wszystkich plac\u00f3wek handlowych, w tym centr\u00f3w handlowo-rozrywkowych. Ob\u0142o\u017cenie &#8211; nie wi\u0119cej ni\u017c 40%. Tereny publiczne, w tym place zabaw, s\u0105 obecnie zamkni\u0119te.<\/p>\n<h2> Hotele ponownie otwieraj\u0105 wsp\u00f3lne obszary?<\/h2>\n<p> Chocia\u017c tylko jedna trzecia ca\u0142kowitego ob\u0142o\u017cenia. Wyj\u0105tkiem s\u0105 restauracje hotelowe, kt\u00f3re mog\u0105 by\u0107 zape\u0142nione w 40%.<\/p>\n<h2> Turystyka i rekreacja na \u015bwie\u017cym powietrzu<\/h2>\n<p> Na terenie wojew\u00f3dztwa dozwolone s\u0105 wycieczki i w\u0119dr\u00f3wki w grupach do 20 os\u00f3b, nie trzeba ju\u017c rejestrowa\u0107 si\u0119 w federacji ani wynaj\u0105\u0107 przewodnika. Od fazy 2 mo\u017cesz to zrobi\u0107 sam, ale z zachowaniem odleg\u0142o\u015bci i innych \u015brodk\u00f3w bezpiecze\u0144stwa, a tak\u017ce o ka\u017cdej porze dnia, z wyj\u0105tkiem przedzia\u0142\u00f3w czasowych od 10.00 do 12.00 i od 19.00 do 20.00, przeznaczonych dla os\u00f3b starszych .<\/p>\n<h2> Kino i teatry<\/h2>\n<p> Otwiera trzeci\u0105 pe\u0142n\u0105. Tylko siedzenia. W zamkni\u0119tych pomieszczeniach mo\u017ce przebywa\u0107 nie wi\u0119cej ni\u017c 50 os\u00f3b.<\/p>\n<h2> Wesela z go\u015b\u0107mi<\/h2>\n<p> Dozwolone jest zapraszanie go\u015bci na wesele, ale nie mog\u0105 oni pochodzi\u0107 z innego wojew\u00f3dztwa. Maksymalna liczba go\u015bci w zamkni\u0119tych przestrzeniach to 50, otwarte przestrzenie to 100.<\/p>\n<h2> Instytucje religijne<\/h2>\n<p> Ko\u015bcio\u0142y, synagogi i meczety mo\u017cna otwiera\u0107 przy 50% ob\u0142o\u017ceniu.<\/p>\n<h2> Centra fitness<\/h2>\n<p> W fazie 2 otwierane s\u0105 centra sportowe i baseny zlokalizowane w zamkni\u0119tych przestrzeniach przy ob\u0142o\u017ceniu nie wi\u0119kszym ni\u017c 30%. Mo\u017cesz je odwiedzi\u0107 po wcze\u015bniejszym um\u00f3wieniu. Mo\u017cesz trenowa\u0107 tylko indywidualnie lub w parach, ale tylko wtedy, gdy jest to sport bezkontaktowy.<\/p>\n<h2> Kongresy i konferencje<\/h2>\n<p> Dozwolone jest organizowanie spotka\u0144, spotka\u0144 i konferencji dla maksymalnie 50 os\u00f3b.<\/p>\n<h2> Ponowne otwarcie szko\u0142y<\/h2>\n<p> Pocz\u0105wszy od fazy 2, zaj\u0119cia w szko\u0142ach s\u0105 wznawiane na zasadzie dobrowolno\u015bci i ze \u015bcis\u0142ymi ograniczeniami (np. nie wi\u0119cej ni\u017c 10 os\u00f3b w klasie).<\/p>\n<h2> Akademie i szko\u0142y nauki jazdy<\/h2>\n<p> Otwiera trzeci\u0105 pe\u0142n\u0105.<\/p>","protected":false},"excerpt":{"rendered":"<p>Od poniedzia\u0142ku 1 czerwca ca\u0142a Wsp\u00f3lnota Walencji wchodzi w\u2026<\/p>\n","protected":false},"author":18,"featured_media":180420,"comment_status":"closed","ping_status":"closed","sticky":false,"template":"","format":"standard","meta":{"footnotes":""},"categories":[1,15],"tags":[],"class_list":["post-180419","post","type-post","status-publish","format-standard","has-post-thumbnail","hentry","category-articles","category-news"],"yoast_head":"<!-- This site is optimized with the Yoast SEO plugin v27.5 - https:\/\/yoast.com\/product\/yoast-seo-wordpress\/ -->\n<title>\u0412\u0430\u043b\u0435\u043d\u0441\u0438\u0439\u0441\u043a\u043e\u0435 \u0441\u043e\u043e\u0431\u0449\u0435\u0441\u0442\u0432\u043e \u043f\u0435\u0440\u0435\u0445\u043e\u0434\u0438\u0442 \u0432 \u0444\u0430\u0437\u0443 2: \u0447\u0442\u043e \u043c\u043e\u0436\u043d\u043e \u0434\u0435\u043b\u0430\u0442\u044c, \u0430 \u0447\u0442\u043e \u043d\u0435\u0442?<\/title>\n<meta name=\"description\" content=\"\u0412\u0441\u0435 \u0442\u0440\u0438 \u043f\u0440\u043e\u0432\u0438\u043d\u0446\u0438\u0438 \u0412\u0430\u043b\u0435\u043d\u0441\u0438\u0439\u0441\u043a\u043e\u0433\u043e \u0441\u043e\u043e\u0431\u0449\u0435\u0441\u0442\u0432\u0430 \u043f\u0435\u0440\u0435\u0445\u043e\u0434\u044f\u0442 \u0441 1 \u0438\u044e\u043d\u044f \u0432 \u0444\u0430\u0437\u0443 2, \u043d\u0430 \u043a\u043e\u0442\u043e\u0440\u043e\u0439 \u043c\u043e\u0436\u043d\u043e \u043a\u0443\u043f\u0430\u0442\u044c\u0441\u044f \u0432 \u043c\u043e\u0440\u0435, \u0445\u043e\u0434\u0438\u0442\u044c \u0432 \u0433\u043e\u0440\u044b, \u0441\u0438\u0434\u0435\u0442\u044c \u0432\u043d\u0443\u0442\u0440\u0438 \u0431\u0430\u0440\u043e\u0432 \u0438 \u0433\u0443\u043b\u044f\u0442\u044c \u0431\u0435\u0437 \u0440\u0430\u0441\u043f\u0438\u0441\u0430\u043d\u0438\u044f.\" \/>\n<meta name=\"robots\" content=\"index, follow, max-snippet:-1, max-image-preview:large, max-video-preview:-1\" \/>\n<link rel=\"canonical\" href=\"https:\/\/alegria-realestate.com\/pl\/wp-json\/wp\/v2\/posts\/180419\" \/>\n<meta property=\"og:locale\" content=\"pl_PL\" \/>\n<meta property=\"og:type\" content=\"article\" \/>\n<meta property=\"og:title\" content=\"\u0412\u0430\u043b\u0435\u043d\u0441\u0438\u0439\u0441\u043a\u043e\u0435 \u0441\u043e\u043e\u0431\u0449\u0435\u0441\u0442\u0432\u043e \u043f\u0435\u0440\u0435\u0445\u043e\u0434\u0438\u0442 \u0432 \u0444\u0430\u0437\u0443 2: \u0447\u0442\u043e \u043c\u043e\u0436\u043d\u043e \u0434\u0435\u043b\u0430\u0442\u044c, \u0430 \u0447\u0442\u043e \u043d\u0435\u0442?\" \/>\n<meta property=\"og:description\" content=\"\u0412\u0441\u0435 \u0442\u0440\u0438 \u043f\u0440\u043e\u0432\u0438\u043d\u0446\u0438\u0438 \u0412\u0430\u043b\u0435\u043d\u0441\u0438\u0439\u0441\u043a\u043e\u0433\u043e \u0441\u043e\u043e\u0431\u0449\u0435\u0441\u0442\u0432\u0430 \u043f\u0435\u0440\u0435\u0445\u043e\u0434\u044f\u0442 \u0441 1 \u0438\u044e\u043d\u044f \u0432 \u0444\u0430\u0437\u0443 2, \u043d\u0430 \u043a\u043e\u0442\u043e\u0440\u043e\u0439 \u043c\u043e\u0436\u043d\u043e \u043a\u0443\u043f\u0430\u0442\u044c\u0441\u044f \u0432 \u043c\u043e\u0440\u0435, \u0445\u043e\u0434\u0438\u0442\u044c \u0432 \u0433\u043e\u0440\u044b, \u0441\u0438\u0434\u0435\u0442\u044c \u0432\u043d\u0443\u0442\u0440\u0438 \u0431\u0430\u0440\u043e\u0432 \u0438 \u0433\u0443\u043b\u044f\u0442\u044c \u0431\u0435\u0437 \u0440\u0430\u0441\u043f\u0438\u0441\u0430\u043d\u0438\u044f.\" \/>\n<meta property=\"og:url\" content=\"https:\/\/alegria-realestate.com\/pl\/wp-json\/wp\/v2\/posts\/180419\" \/>\n<meta property=\"og:site_name\" content=\"Nieruchomo\u015b\u0107 w Hiszpanii\" \/>\n<meta property=\"article:publisher\" content=\"https:\/\/www.facebook.com\/realestate.alegria\" \/>\n<meta property=\"article:published_time\" content=\"2020-05-29T09:15:22+00:00\" \/>\n<meta property=\"article:modified_time\" content=\"2025-08-14T17:07:20+00:00\" \/>\n<meta property=\"og:image\" content=\"https:\/\/alegria-realestate.com\/wp-content\/uploads\/2020\/05\/Dizain-bez-nazvanija-4.png\" \/>\n\t<meta property=\"og:image:width\" content=\"1000\" \/>\n\t<meta property=\"og:image:height\" content=\"460\" \/>\n\t<meta property=\"og:image:type\" content=\"image\/png\" \/>\n<meta name=\"author\" content=\"\u0421\u0435\u0440\u0433\u0435\u0439 \u0411\u0435\u043a\u0438\u0448\u0435\u0432\" \/>\n<meta name=\"twitter:card\" content=\"summary_large_image\" \/>\n<meta name=\"twitter:creator\" content=\"@alegriarealesta\" \/>\n<meta name=\"twitter:site\" content=\"@alegriarealesta\" \/>\n<script type=\"application\/ld+json\" class=\"yoast-schema-graph\">{\"@context\":\"https:\\\/\\\/schema.org\",\"@graph\":[{\"@type\":\"Article\",\"@id\":\"https:\\\/\\\/alegria-realestate.com\\\/pl\\\/articles\\\/news\\\/the-valencian-community-moves-into-phase-2-from-monday-june-1#article\",\"isPartOf\":{\"@id\":\"https:\\\/\\\/alegria-realestate.com\\\/pl\\\/articles\\\/news\\\/the-valencian-community-moves-into-phase-2-from-monday-june-1\"},\"author\":{\"name\":\"\u0421\u0435\u0440\u0433\u0435\u0439 \u0411\u0435\u043a\u0438\u0448\u0435\u0432\",\"@id\":\"https:\\\/\\\/alegria-realestate.com\\\/#\\\/schema\\\/person\\\/9d285f0a34620d7fb8e3836f93b5522c\"},\"headline\":\"Wsp\u00f3lnota Walencji wchodzi w faz\u0119 2 od poniedzia\u0142ku 1 czerwca\",\"datePublished\":\"2020-05-29T09:15:22+00:00\",\"dateModified\":\"2025-08-14T17:07:20+00:00\",\"mainEntityOfPage\":{\"@id\":\"https:\\\/\\\/alegria-realestate.com\\\/pl\\\/articles\\\/news\\\/the-valencian-community-moves-into-phase-2-from-monday-june-1\"},\"wordCount\":4792,\"publisher\":{\"@id\":\"https:\\\/\\\/alegria-realestate.com\\\/#organization\"},\"image\":{\"@id\":\"https:\\\/\\\/alegria-realestate.com\\\/pl\\\/articles\\\/news\\\/the-valencian-community-moves-into-phase-2-from-monday-june-1#primaryimage\"},\"thumbnailUrl\":\"https:\\\/\\\/alegria-realestate.com\\\/wp-content\\\/uploads\\\/2020\\\/05\\\/Dizain-bez-nazvanija-4.png\",\"articleSection\":[\"Blog\",\"Wiadomo\u015bci\"],\"inLanguage\":\"pl-PL\"},{\"@type\":\"WebPage\",\"@id\":\"https:\\\/\\\/alegria-realestate.com\\\/pl\\\/articles\\\/news\\\/the-valencian-community-moves-into-phase-2-from-monday-june-1\",\"url\":\"https:\\\/\\\/alegria-realestate.com\\\/pl\\\/articles\\\/news\\\/the-valencian-community-moves-into-phase-2-from-monday-june-1\",\"name\":\"\u0412\u0430\u043b\u0435\u043d\u0441\u0438\u0439\u0441\u043a\u043e\u0435 \u0441\u043e\u043e\u0431\u0449\u0435\u0441\u0442\u0432\u043e \u043f\u0435\u0440\u0435\u0445\u043e\u0434\u0438\u0442 \u0432 \u0444\u0430\u0437\u0443 2: \u0447\u0442\u043e \u043c\u043e\u0436\u043d\u043e \u0434\u0435\u043b\u0430\u0442\u044c, \u0430 \u0447\u0442\u043e \u043d\u0435\u0442?\",\"isPartOf\":{\"@id\":\"https:\\\/\\\/alegria-realestate.com\\\/pl\\\/#website\"},\"primaryImageOfPage\":{\"@id\":\"https:\\\/\\\/alegria-realestate.com\\\/pl\\\/articles\\\/news\\\/the-valencian-community-moves-into-phase-2-from-monday-june-1#primaryimage\"},\"image\":{\"@id\":\"https:\\\/\\\/alegria-realestate.com\\\/pl\\\/articles\\\/news\\\/the-valencian-community-moves-into-phase-2-from-monday-june-1#primaryimage\"},\"thumbnailUrl\":\"https:\\\/\\\/alegria-realestate.com\\\/wp-content\\\/uploads\\\/2020\\\/05\\\/Dizain-bez-nazvanija-4.png\",\"datePublished\":\"2020-05-29T09:15:22+00:00\",\"dateModified\":\"2025-08-14T17:07:20+00:00\",\"description\":\"\u0412\u0441\u0435 \u0442\u0440\u0438 \u043f\u0440\u043e\u0432\u0438\u043d\u0446\u0438\u0438 \u0412\u0430\u043b\u0435\u043d\u0441\u0438\u0439\u0441\u043a\u043e\u0433\u043e \u0441\u043e\u043e\u0431\u0449\u0435\u0441\u0442\u0432\u0430 \u043f\u0435\u0440\u0435\u0445\u043e\u0434\u044f\u0442 \u0441 1 \u0438\u044e\u043d\u044f \u0432 \u0444\u0430\u0437\u0443 2, \u043d\u0430 \u043a\u043e\u0442\u043e\u0440\u043e\u0439 \u043c\u043e\u0436\u043d\u043e \u043a\u0443\u043f\u0430\u0442\u044c\u0441\u044f \u0432 \u043c\u043e\u0440\u0435, \u0445\u043e\u0434\u0438\u0442\u044c \u0432 \u0433\u043e\u0440\u044b, \u0441\u0438\u0434\u0435\u0442\u044c \u0432\u043d\u0443\u0442\u0440\u0438 \u0431\u0430\u0440\u043e\u0432 \u0438 \u0433\u0443\u043b\u044f\u0442\u044c \u0431\u0435\u0437 \u0440\u0430\u0441\u043f\u0438\u0441\u0430\u043d\u0438\u044f.\",\"breadcrumb\":{\"@id\":\"https:\\\/\\\/alegria-realestate.com\\\/pl\\\/articles\\\/news\\\/the-valencian-community-moves-into-phase-2-from-monday-june-1#breadcrumb\"},\"inLanguage\":\"pl-PL\",\"potentialAction\":[{\"@type\":\"ReadAction\",\"target\":[[\"https:\\\/\\\/alegria-realestate.com\\\/pl\\\/articles\\\/news\\\/the-valencian-community-moves-into-phase-2-from-monday-june-1\"]]}]},{\"@type\":\"ImageObject\",\"inLanguage\":\"pl-PL\",\"@id\":\"https:\\\/\\\/alegria-realestate.com\\\/pl\\\/articles\\\/news\\\/the-valencian-community-moves-into-phase-2-from-monday-june-1#primaryimage\",\"url\":\"https:\\\/\\\/alegria-realestate.com\\\/wp-content\\\/uploads\\\/2020\\\/05\\\/Dizain-bez-nazvanija-4.png\",\"contentUrl\":\"https:\\\/\\\/alegria-realestate.com\\\/wp-content\\\/uploads\\\/2020\\\/05\\\/Dizain-bez-nazvanija-4.png\",\"width\":1000,\"height\":460,\"caption\":\"\u0412\u0430\u043b\u0435\u043d\u0441\u0438\u0439\u0441\u043a\u043e\u0435 \u0441\u043e\u043e\u0431\u0449\u0435\u0441\u0442\u0432\u043e \u043f\u0435\u0440\u0435\u0445\u043e\u0434\u0438\u0442 \u0432 \u0444\u0430\u0437\u0443 2 \u0441 \u043f\u043e\u043d\u0435\u0434\u0435\u043b\u044c\u043d\u0438\u043a\u0430, 1 \u0438\u044e\u043d\u044f\"},{\"@type\":\"BreadcrumbList\",\"@id\":\"https:\\\/\\\/alegria-realestate.com\\\/pl\\\/articles\\\/news\\\/the-valencian-community-moves-into-phase-2-from-monday-june-1#breadcrumb\",\"itemListElement\":[{\"@type\":\"ListItem\",\"position\":1,\"name\":\"\u0413\u043b\u0430\u0432\u043d\u0430\u044f \u0441\u0442\u0440\u0430\u043d\u0438\u0446\u0430\",\"item\":\"https:\\\/\\\/alegria-realestate.com\\\/pl\\\/\"},{\"@type\":\"ListItem\",\"position\":2,\"name\":\"Wsp\u00f3lnota Walencji wchodzi w faz\u0119 2 od poniedzia\u0142ku 1 czerwca\"}]},{\"@type\":\"WebSite\",\"@id\":\"https:\\\/\\\/alegria-realestate.com\\\/pl\\\/#website\",\"url\":\"https:\\\/\\\/alegria-realestate.com\\\/pl\\\/\",\"name\":\"Nieruchomo\u015b\u0107 w Hiszpanii\",\"description\":\"Nieruchomo\u015bci w Hiszpanii: sprzeda\u017c we wszystkich miastach - Torrevieja, Alicante, Benidorm itp. Pomo\u017cemy Ci kupi\u0107 nieruchomo\u015bci na Costa Blanca - mieszkania wt\u00f3rne, nowe budynki. Projekt pod klucz. Nieruchomo\u015b\u0107 na Costa Blanca od 80 000 \u20ac.\",\"publisher\":{\"@id\":\"https:\\\/\\\/alegria-realestate.com\\\/pl\\\/#organization\"},\"potentialAction\":[{\"@type\":\"SearchAction\",\"target\":{\"@type\":\"EntryPoint\",\"urlTemplate\":\"https:\\\/\\\/alegria-realestate.com\\\/pl\\\/?s={search_term_string}\"},\"query-input\":{\"@type\":\"PropertyValueSpecification\",\"valueRequired\":true,\"valueName\":\"search_term_string\"}}],\"inLanguage\":\"pl-PL\"},{\"@type\":\"Organization\",\"@id\":\"https:\\\/\\\/alegria-realestate.com\\\/pl\\\/#organization\",\"name\":\"Alegria Realestate\",\"url\":\"https:\\\/\\\/alegria-realestate.com\\\/pl\\\/\",\"logo\":{\"@type\":\"ImageObject\",\"inLanguage\":\"pl-PL\",\"@id\":\"https:\\\/\\\/alegria-realestate.com\\\/pl\\\/#\\\/schema\\\/logo\\\/image\\\/\",\"url\":\"https:\\\/\\\/alegria-realestate.com\\\/wp-content\\\/uploads\\\/2019\\\/08\\\/logo_alegria.png\",\"contentUrl\":\"https:\\\/\\\/alegria-realestate.com\\\/wp-content\\\/uploads\\\/2019\\\/08\\\/logo_alegria.png\",\"width\":1600,\"height\":1403,\"caption\":\"Alegria Realestate\"},\"image\":{\"@id\":\"https:\\\/\\\/alegria-realestate.com\\\/pl\\\/#\\\/schema\\\/logo\\\/image\\\/\"},\"sameAs\":[\"https:\\\/\\\/www.facebook.com\\\/realestate.alegria\",\"https:\\\/\\\/x.com\\\/alegriarealesta\",\"https:\\\/\\\/www.instagram.com\\\/alegriadom\\\/\",\"https:\\\/\\\/www.linkedin.com\\\/profile\\\/view?id=154965227\",\"https:\\\/\\\/www.youtube.com\\\/user\\\/AlegriaRealEstate\"]},{\"@type\":\"Person\",\"@id\":\"https:\\\/\\\/alegria-realestate.com\\\/#\\\/schema\\\/person\\\/9d285f0a34620d7fb8e3836f93b5522c\",\"name\":\"\u0421\u0435\u0440\u0433\u0435\u0439 \u0411\u0435\u043a\u0438\u0448\u0435\u0432\"}]}<\/script>\n<!-- \/ Yoast SEO plugin. -->","yoast_head_json":{"title":"\u0412\u0430\u043b\u0435\u043d\u0441\u0438\u0439\u0441\u043a\u043e\u0435 \u0441\u043e\u043e\u0431\u0449\u0435\u0441\u0442\u0432\u043e \u043f\u0435\u0440\u0435\u0445\u043e\u0434\u0438\u0442 \u0432 \u0444\u0430\u0437\u0443 2: \u0447\u0442\u043e \u043c\u043e\u0436\u043d\u043e \u0434\u0435\u043b\u0430\u0442\u044c, \u0430 \u0447\u0442\u043e \u043d\u0435\u0442?","description":"\u0412\u0441\u0435 \u0442\u0440\u0438 \u043f\u0440\u043e\u0432\u0438\u043d\u0446\u0438\u0438 \u0412\u0430\u043b\u0435\u043d\u0441\u0438\u0439\u0441\u043a\u043e\u0433\u043e \u0441\u043e\u043e\u0431\u0449\u0435\u0441\u0442\u0432\u0430 \u043f\u0435\u0440\u0435\u0445\u043e\u0434\u044f\u0442 \u0441 1 \u0438\u044e\u043d\u044f \u0432 \u0444\u0430\u0437\u0443 2, \u043d\u0430 \u043a\u043e\u0442\u043e\u0440\u043e\u0439 \u043c\u043e\u0436\u043d\u043e \u043a\u0443\u043f\u0430\u0442\u044c\u0441\u044f \u0432 \u043c\u043e\u0440\u0435, \u0445\u043e\u0434\u0438\u0442\u044c \u0432 \u0433\u043e\u0440\u044b, \u0441\u0438\u0434\u0435\u0442\u044c \u0432\u043d\u0443\u0442\u0440\u0438 \u0431\u0430\u0440\u043e\u0432 \u0438 \u0433\u0443\u043b\u044f\u0442\u044c \u0431\u0435\u0437 \u0440\u0430\u0441\u043f\u0438\u0441\u0430\u043d\u0438\u044f.","robots":{"index":"index","follow":"follow","max-snippet":"max-snippet:-1","max-image-preview":"max-image-preview:large","max-video-preview":"max-video-preview:-1"},"canonical":"https:\/\/alegria-realestate.com\/pl\/wp-json\/wp\/v2\/posts\/180419","og_locale":"pl_PL","og_type":"article","og_title":"\u0412\u0430\u043b\u0435\u043d\u0441\u0438\u0439\u0441\u043a\u043e\u0435 \u0441\u043e\u043e\u0431\u0449\u0435\u0441\u0442\u0432\u043e \u043f\u0435\u0440\u0435\u0445\u043e\u0434\u0438\u0442 \u0432 \u0444\u0430\u0437\u0443 2: \u0447\u0442\u043e \u043c\u043e\u0436\u043d\u043e \u0434\u0435\u043b\u0430\u0442\u044c, \u0430 \u0447\u0442\u043e \u043d\u0435\u0442?","og_description":"\u0412\u0441\u0435 \u0442\u0440\u0438 \u043f\u0440\u043e\u0432\u0438\u043d\u0446\u0438\u0438 \u0412\u0430\u043b\u0435\u043d\u0441\u0438\u0439\u0441\u043a\u043e\u0433\u043e \u0441\u043e\u043e\u0431\u0449\u0435\u0441\u0442\u0432\u0430 \u043f\u0435\u0440\u0435\u0445\u043e\u0434\u044f\u0442 \u0441 1 \u0438\u044e\u043d\u044f \u0432 \u0444\u0430\u0437\u0443 2, \u043d\u0430 \u043a\u043e\u0442\u043e\u0440\u043e\u0439 \u043c\u043e\u0436\u043d\u043e \u043a\u0443\u043f\u0430\u0442\u044c\u0441\u044f \u0432 \u043c\u043e\u0440\u0435, \u0445\u043e\u0434\u0438\u0442\u044c \u0432 \u0433\u043e\u0440\u044b, \u0441\u0438\u0434\u0435\u0442\u044c \u0432\u043d\u0443\u0442\u0440\u0438 \u0431\u0430\u0440\u043e\u0432 \u0438 \u0433\u0443\u043b\u044f\u0442\u044c \u0431\u0435\u0437 \u0440\u0430\u0441\u043f\u0438\u0441\u0430\u043d\u0438\u044f.","og_url":"https:\/\/alegria-realestate.com\/pl\/wp-json\/wp\/v2\/posts\/180419","og_site_name":"Nieruchomo\u015b\u0107 w Hiszpanii","article_publisher":"https:\/\/www.facebook.com\/realestate.alegria","article_published_time":"2020-05-29T09:15:22+00:00","article_modified_time":"2025-08-14T17:07:20+00:00","og_image":[{"width":1000,"height":460,"url":"https:\/\/alegria-realestate.com\/wp-content\/uploads\/2020\/05\/Dizain-bez-nazvanija-4.png","type":"image\/png"}],"author":"\u0421\u0435\u0440\u0433\u0435\u0439 \u0411\u0435\u043a\u0438\u0448\u0435\u0432","twitter_card":"summary_large_image","twitter_creator":"@alegriarealesta","twitter_site":"@alegriarealesta","schema":{"@context":"https:\/\/schema.org","@graph":[{"@type":"Article","@id":"https:\/\/alegria-realestate.com\/pl\/articles\/news\/the-valencian-community-moves-into-phase-2-from-monday-june-1#article","isPartOf":{"@id":"https:\/\/alegria-realestate.com\/pl\/articles\/news\/the-valencian-community-moves-into-phase-2-from-monday-june-1"},"author":{"name":"\u0421\u0435\u0440\u0433\u0435\u0439 \u0411\u0435\u043a\u0438\u0448\u0435\u0432","@id":"https:\/\/alegria-realestate.com\/#\/schema\/person\/9d285f0a34620d7fb8e3836f93b5522c"},"headline":"Wsp\u00f3lnota Walencji wchodzi w faz\u0119 2 od poniedzia\u0142ku 1 czerwca","datePublished":"2020-05-29T09:15:22+00:00","dateModified":"2025-08-14T17:07:20+00:00","mainEntityOfPage":{"@id":"https:\/\/alegria-realestate.com\/pl\/articles\/news\/the-valencian-community-moves-into-phase-2-from-monday-june-1"},"wordCount":4792,"publisher":{"@id":"https:\/\/alegria-realestate.com\/#organization"},"image":{"@id":"https:\/\/alegria-realestate.com\/pl\/articles\/news\/the-valencian-community-moves-into-phase-2-from-monday-june-1#primaryimage"},"thumbnailUrl":"https:\/\/alegria-realestate.com\/wp-content\/uploads\/2020\/05\/Dizain-bez-nazvanija-4.png","articleSection":["Blog","Wiadomo\u015bci"],"inLanguage":"pl-PL"},{"@type":"WebPage","@id":"https:\/\/alegria-realestate.com\/pl\/articles\/news\/the-valencian-community-moves-into-phase-2-from-monday-june-1","url":"https:\/\/alegria-realestate.com\/pl\/articles\/news\/the-valencian-community-moves-into-phase-2-from-monday-june-1","name":"\u0412\u0430\u043b\u0435\u043d\u0441\u0438\u0439\u0441\u043a\u043e\u0435 \u0441\u043e\u043e\u0431\u0449\u0435\u0441\u0442\u0432\u043e \u043f\u0435\u0440\u0435\u0445\u043e\u0434\u0438\u0442 \u0432 \u0444\u0430\u0437\u0443 2: \u0447\u0442\u043e \u043c\u043e\u0436\u043d\u043e \u0434\u0435\u043b\u0430\u0442\u044c, \u0430 \u0447\u0442\u043e \u043d\u0435\u0442?","isPartOf":{"@id":"https:\/\/alegria-realestate.com\/pl\/#website"},"primaryImageOfPage":{"@id":"https:\/\/alegria-realestate.com\/pl\/articles\/news\/the-valencian-community-moves-into-phase-2-from-monday-june-1#primaryimage"},"image":{"@id":"https:\/\/alegria-realestate.com\/pl\/articles\/news\/the-valencian-community-moves-into-phase-2-from-monday-june-1#primaryimage"},"thumbnailUrl":"https:\/\/alegria-realestate.com\/wp-content\/uploads\/2020\/05\/Dizain-bez-nazvanija-4.png","datePublished":"2020-05-29T09:15:22+00:00","dateModified":"2025-08-14T17:07:20+00:00","description":"\u0412\u0441\u0435 \u0442\u0440\u0438 \u043f\u0440\u043e\u0432\u0438\u043d\u0446\u0438\u0438 \u0412\u0430\u043b\u0435\u043d\u0441\u0438\u0439\u0441\u043a\u043e\u0433\u043e \u0441\u043e\u043e\u0431\u0449\u0435\u0441\u0442\u0432\u0430 \u043f\u0435\u0440\u0435\u0445\u043e\u0434\u044f\u0442 \u0441 1 \u0438\u044e\u043d\u044f \u0432 \u0444\u0430\u0437\u0443 2, \u043d\u0430 \u043a\u043e\u0442\u043e\u0440\u043e\u0439 \u043c\u043e\u0436\u043d\u043e \u043a\u0443\u043f\u0430\u0442\u044c\u0441\u044f \u0432 \u043c\u043e\u0440\u0435, \u0445\u043e\u0434\u0438\u0442\u044c \u0432 \u0433\u043e\u0440\u044b, \u0441\u0438\u0434\u0435\u0442\u044c \u0432\u043d\u0443\u0442\u0440\u0438 \u0431\u0430\u0440\u043e\u0432 \u0438 \u0433\u0443\u043b\u044f\u0442\u044c \u0431\u0435\u0437 \u0440\u0430\u0441\u043f\u0438\u0441\u0430\u043d\u0438\u044f.","breadcrumb":{"@id":"https:\/\/alegria-realestate.com\/pl\/articles\/news\/the-valencian-community-moves-into-phase-2-from-monday-june-1#breadcrumb"},"inLanguage":"pl-PL","potentialAction":[{"@type":"ReadAction","target":[["https:\/\/alegria-realestate.com\/pl\/articles\/news\/the-valencian-community-moves-into-phase-2-from-monday-june-1"]]}]},{"@type":"ImageObject","inLanguage":"pl-PL","@id":"https:\/\/alegria-realestate.com\/pl\/articles\/news\/the-valencian-community-moves-into-phase-2-from-monday-june-1#primaryimage","url":"https:\/\/alegria-realestate.com\/wp-content\/uploads\/2020\/05\/Dizain-bez-nazvanija-4.png","contentUrl":"https:\/\/alegria-realestate.com\/wp-content\/uploads\/2020\/05\/Dizain-bez-nazvanija-4.png","width":1000,"height":460,"caption":"\u0412\u0430\u043b\u0435\u043d\u0441\u0438\u0439\u0441\u043a\u043e\u0435 \u0441\u043e\u043e\u0431\u0449\u0435\u0441\u0442\u0432\u043e \u043f\u0435\u0440\u0435\u0445\u043e\u0434\u0438\u0442 \u0432 \u0444\u0430\u0437\u0443 2 \u0441 \u043f\u043e\u043d\u0435\u0434\u0435\u043b\u044c\u043d\u0438\u043a\u0430, 1 \u0438\u044e\u043d\u044f"},{"@type":"BreadcrumbList","@id":"https:\/\/alegria-realestate.com\/pl\/articles\/news\/the-valencian-community-moves-into-phase-2-from-monday-june-1#breadcrumb","itemListElement":[{"@type":"ListItem","position":1,"name":"\u0413\u043b\u0430\u0432\u043d\u0430\u044f \u0441\u0442\u0440\u0430\u043d\u0438\u0446\u0430","item":"https:\/\/alegria-realestate.com\/pl\/"},{"@type":"ListItem","position":2,"name":"Wsp\u00f3lnota Walencji wchodzi w faz\u0119 2 od poniedzia\u0142ku 1 czerwca"}]},{"@type":"WebSite","@id":"https:\/\/alegria-realestate.com\/pl\/#website","url":"https:\/\/alegria-realestate.com\/pl\/","name":"Nieruchomo\u015b\u0107 w Hiszpanii","description":"Nieruchomo\u015bci w Hiszpanii: sprzeda\u017c we wszystkich miastach - Torrevieja, Alicante, Benidorm itp. Pomo\u017cemy Ci kupi\u0107 nieruchomo\u015bci na Costa Blanca - mieszkania wt\u00f3rne, nowe budynki. Projekt pod klucz. Nieruchomo\u015b\u0107 na Costa Blanca od 80 000 \u20ac.","publisher":{"@id":"https:\/\/alegria-realestate.com\/pl\/#organization"},"potentialAction":[{"@type":"SearchAction","target":{"@type":"EntryPoint","urlTemplate":"https:\/\/alegria-realestate.com\/pl\/?s={search_term_string}"},"query-input":{"@type":"PropertyValueSpecification","valueRequired":true,"valueName":"search_term_string"}}],"inLanguage":"pl-PL"},{"@type":"Organization","@id":"https:\/\/alegria-realestate.com\/pl\/#organization","name":"Alegria Realestate","url":"https:\/\/alegria-realestate.com\/pl\/","logo":{"@type":"ImageObject","inLanguage":"pl-PL","@id":"https:\/\/alegria-realestate.com\/pl\/#\/schema\/logo\/image\/","url":"https:\/\/alegria-realestate.com\/wp-content\/uploads\/2019\/08\/logo_alegria.png","contentUrl":"https:\/\/alegria-realestate.com\/wp-content\/uploads\/2019\/08\/logo_alegria.png","width":1600,"height":1403,"caption":"Alegria Realestate"},"image":{"@id":"https:\/\/alegria-realestate.com\/pl\/#\/schema\/logo\/image\/"},"sameAs":["https:\/\/www.facebook.com\/realestate.alegria","https:\/\/x.com\/alegriarealesta","https:\/\/www.instagram.com\/alegriadom\/","https:\/\/www.linkedin.com\/profile\/view?id=154965227","https:\/\/www.youtube.com\/user\/AlegriaRealEstate"]},{"@type":"Person","@id":"https:\/\/alegria-realestate.com\/#\/schema\/person\/9d285f0a34620d7fb8e3836f93b5522c","name":"\u0421\u0435\u0440\u0433\u0435\u0439 \u0411\u0435\u043a\u0438\u0448\u0435\u0432"}]}},"_links":{"self":[{"href":"https:\/\/alegria-realestate.com\/pl\/wp-json\/wp\/v2\/posts\/180419","targetHints":{"allow":["GET"]}}],"collection":[{"href":"https:\/\/alegria-realestate.com\/pl\/wp-json\/wp\/v2\/posts"}],"about":[{"href":"https:\/\/alegria-realestate.com\/pl\/wp-json\/wp\/v2\/types\/post"}],"author":[{"embeddable":true,"href":"https:\/\/alegria-realestate.com\/pl\/wp-json\/wp\/v2\/users\/18"}],"replies":[{"embeddable":true,"href":"https:\/\/alegria-realestate.com\/pl\/wp-json\/wp\/v2\/comments?post=180419"}],"version-history":[{"count":1,"href":"https:\/\/alegria-realestate.com\/pl\/wp-json\/wp\/v2\/posts\/180419\/revisions"}],"predecessor-version":[{"id":837278,"href":"https:\/\/alegria-realestate.com\/pl\/wp-json\/wp\/v2\/posts\/180419\/revisions\/837278"}],"wp:featuredmedia":[{"embeddable":true,"href":"https:\/\/alegria-realestate.com\/pl\/wp-json\/wp\/v2\/media\/180420"}],"wp:attachment":[{"href":"https:\/\/alegria-realestate.com\/pl\/wp-json\/wp\/v2\/media?parent=180419"}],"wp:term":[{"taxonomy":"category","embeddable":true,"href":"https:\/\/alegria-realestate.com\/pl\/wp-json\/wp\/v2\/categories?post=180419"},{"taxonomy":"post_tag","embeddable":true,"href":"https:\/\/alegria-realestate.com\/pl\/wp-json\/wp\/v2\/tags?post=180419"}],"curies":[{"name":"wp","href":"https:\/\/api.w.org\/{rel}","templated":true}]}}