{"id":415802,"date":"2021-03-18T14:09:54","date_gmt":"2021-03-18T11:09:54","guid":{"rendered":"https:\/\/alegria-realestate.com\/?p=415802"},"modified":"2025-08-14T21:28:01","modified_gmt":"2025-08-14T18:28:01","slug":"meet-alegria-representative-in-april","status":"publish","type":"post","link":"https:\/\/alegria-realestate.com\/pl\/articles\/news\/meet-alegria-representative-in-april","title":{"rendered":"Od 4 do 7 kwietnia odb\u0119d\u0105 si\u0119 spotkania w Rosji z przedstawicielem \u201eAlegrii\u201d Andriejem Samylinem"},"content":{"rendered":"<p>[wideo szeroko\u015b\u0107 =&quot;1920&quot; wysoko\u015b\u0107 =&quot;1080&quot; mp4 =&quot;https:\/\/alegria-realestate.com\/wp-content\/uploads\/2021\/03\/invitation-1.mp4&quot;][\/wideo] Drodzy przyjaciele, my Zawsze staramy si\u0119 by\u0107 bli\u017cej naszych klient\u00f3w, przyjaci\u00f3\u0142 i partner\u00f3w, dlatego mi\u0142o nam poinformowa\u0107, \u017ce od 4 kwietnia do 7 kwietnia b\u0119dziecie mieli mo\u017cliwo\u015b\u0107 bezpo\u015bredniego komunikowania si\u0119 z Andreyem Samylinem, przedstawicielem naszej firmy \u201eAlegria\u201d. Mo\u017cesz zada\u0107 wszelkie pytania dotycz\u0105ce nieruchomo\u015bci, pozwole\u0144 na pobyt, relacji z bankami i projekt\u00f3w inwestycyjnych. Spotkania odb\u0119d\u0105 si\u0119 w nast\u0119puj\u0105cych miastach:<\/p>\n<ul>\n<li> 4 kwietnia &#8211; <strong>Rost\u00f3w nad Donem,<\/strong><\/li>\n<li> 6 kwietnia &#8211; <strong>Moskwa,<\/strong><\/li>\n<li> 7 kwietnia &#8211; <strong>Petersburg.<\/strong><\/li>\n<\/ul>\n<p> Czas i miejsce zostan\u0105 okre\u015blone dodatkowo, aplikacje mo\u017cna pozostawi\u0107 w naszych sieciach spo\u0142eczno\u015bciowych lub komunikatorach telefonicznie <strong>+34 664 25 76 97 (Whats App, Telegram, Viber)<\/strong> . <em>I pami\u0119taj &#8211; &quot;Przyjedziemy do ciebie!&quot;<\/em><\/p>","protected":false},"excerpt":{"rendered":"<p>[wideo szeroko\u015b\u0107 =&quot;1920&quot; wysoko\u015b\u0107 =&quot;1080&quot; mp4 =&quot;https:\/\/alegria-realestate.com\/wp-content\/uploads\/2021\/03\/invitation-1.mp4&quot;][\/wideo] Drodzy przyjaciele,\u2026<\/p>\n","protected":false},"author":19,"featured_media":415803,"comment_status":"closed","ping_status":"closed","sticky":false,"template":"","format":"standard","meta":{"footnotes":""},"categories":[15],"tags":[],"class_list":["post-415802","post","type-post","status-publish","format-standard","has-post-thumbnail","hentry","category-news"],"yoast_head":"<!-- This site is optimized with the Yoast SEO plugin v27.5 - https:\/\/yoast.com\/product\/yoast-seo-wordpress\/ -->\n<title>Od 4 do 7 kwietnia odb\u0119d\u0105 si\u0119 spotkania w Rosji z przedstawicielem \u201eAlegrii\u201d Andriejem Samylinem<\/title>\n<meta name=\"description\" content=\"\u0412 \u0430\u043f\u0440\u0435\u043b\u0435 \u0441\u043e\u0441\u0442\u043e\u044f\u0442\u0441\u044f \u0432\u0441\u0442\u0440\u0435\u0447\u0438 \u0441 \u043f\u0440\u0435\u0434\u0441\u0442\u0430\u0432\u0438\u0442\u0435\u043b\u0435\u043c \u043a\u043e\u043c\u043f\u0430\u043d\u0438\u0438 &quot;Alegria&quot; \u0410\u043d\u0434\u0440\u0435\u0435\u043c \u0421\u0430\u043c\u044b\u043b\u0438\u043d\u044b\u043c \u0432 \u0442\u0440\u0435\u0445 \u0433\u043e\u0440\u043e\u0434\u0430\u0445 \u0420\u043e\u0441\u0441\u0438\u0438. \u041d\u0435 \u043f\u0440\u043e\u043f\u0443\u0441\u0442\u0438\u0442\u0435!\" \/>\n<meta name=\"robots\" content=\"index, follow, max-snippet:-1, max-image-preview:large, max-video-preview:-1\" \/>\n<link rel=\"canonical\" href=\"https:\/\/alegria-realestate.com\/pl\/wp-json\/wp\/v2\/posts\/415802\" \/>\n<meta property=\"og:locale\" content=\"pl_PL\" \/>\n<meta property=\"og:type\" content=\"article\" \/>\n<meta property=\"og:title\" content=\"Od 4 do 7 kwietnia odb\u0119d\u0105 si\u0119 spotkania w Rosji z przedstawicielem \u201eAlegrii\u201d Andriejem Samylinem\" \/>\n<meta property=\"og:description\" content=\"\u0412 \u0430\u043f\u0440\u0435\u043b\u0435 \u0441\u043e\u0441\u0442\u043e\u044f\u0442\u0441\u044f \u0432\u0441\u0442\u0440\u0435\u0447\u0438 \u0441 \u043f\u0440\u0435\u0434\u0441\u0442\u0430\u0432\u0438\u0442\u0435\u043b\u0435\u043c \u043a\u043e\u043c\u043f\u0430\u043d\u0438\u0438 &quot;Alegria&quot; \u0410\u043d\u0434\u0440\u0435\u0435\u043c \u0421\u0430\u043c\u044b\u043b\u0438\u043d\u044b\u043c \u0432 \u0442\u0440\u0435\u0445 \u0433\u043e\u0440\u043e\u0434\u0430\u0445 \u0420\u043e\u0441\u0441\u0438\u0438. \u041d\u0435 \u043f\u0440\u043e\u043f\u0443\u0441\u0442\u0438\u0442\u0435!\" \/>\n<meta property=\"og:url\" content=\"https:\/\/alegria-realestate.com\/pl\/wp-json\/wp\/v2\/posts\/415802\" \/>\n<meta property=\"og:site_name\" content=\"Nieruchomo\u015b\u0107 w Hiszpanii\" \/>\n<meta property=\"article:publisher\" content=\"https:\/\/www.facebook.com\/realestate.alegria\" \/>\n<meta property=\"article:published_time\" content=\"2021-03-18T11:09:54+00:00\" \/>\n<meta property=\"article:modified_time\" content=\"2025-08-14T18:28:01+00:00\" \/>\n<meta property=\"og:image\" content=\"https:\/\/alegria-realestate.com\/wp-content\/uploads\/2021\/03\/MG_3409-1-scaled.jpg\" \/>\n\t<meta property=\"og:image:width\" content=\"1920\" \/>\n\t<meta property=\"og:image:height\" content=\"1280\" \/>\n\t<meta property=\"og:image:type\" content=\"image\/jpeg\" \/>\n<meta name=\"author\" content=\"\u041b\u0435\u0440\u0430\" \/>\n<meta name=\"twitter:card\" content=\"summary_large_image\" \/>\n<meta name=\"twitter:creator\" content=\"@alegriarealesta\" \/>\n<meta name=\"twitter:site\" content=\"@alegriarealesta\" \/>\n<script type=\"application\/ld+json\" class=\"yoast-schema-graph\">{\"@context\":\"https:\\\/\\\/schema.org\",\"@graph\":[{\"@type\":\"Article\",\"@id\":\"https:\\\/\\\/alegria-realestate.com\\\/pl\\\/articles\\\/news\\\/meet-alegria-representative-in-april#article\",\"isPartOf\":{\"@id\":\"https:\\\/\\\/alegria-realestate.com\\\/pl\\\/articles\\\/news\\\/meet-alegria-representative-in-april\"},\"author\":{\"name\":\"\u041b\u0435\u0440\u0430\",\"@id\":\"https:\\\/\\\/alegria-realestate.com\\\/#\\\/schema\\\/person\\\/6c26f3bac4c1e476e858c219ece11984\"},\"headline\":\"Od 4 do 7 kwietnia odb\u0119d\u0105 si\u0119 spotkania w Rosji z przedstawicielem \u201eAlegrii\u201d Andriejem Samylinem\",\"datePublished\":\"2021-03-18T11:09:54+00:00\",\"dateModified\":\"2025-08-14T18:28:01+00:00\",\"mainEntityOfPage\":{\"@id\":\"https:\\\/\\\/alegria-realestate.com\\\/pl\\\/articles\\\/news\\\/meet-alegria-representative-in-april\"},\"wordCount\":1064,\"publisher\":{\"@id\":\"https:\\\/\\\/alegria-realestate.com\\\/#organization\"},\"image\":{\"@id\":\"https:\\\/\\\/alegria-realestate.com\\\/pl\\\/articles\\\/news\\\/meet-alegria-representative-in-april#primaryimage\"},\"thumbnailUrl\":\"https:\\\/\\\/alegria-realestate.com\\\/wp-content\\\/uploads\\\/2021\\\/03\\\/MG_3409-1-scaled.jpg\",\"articleSection\":[\"Wiadomo\u015bci\"],\"inLanguage\":\"pl-PL\"},{\"@type\":\"WebPage\",\"@id\":\"https:\\\/\\\/alegria-realestate.com\\\/pl\\\/articles\\\/news\\\/meet-alegria-representative-in-april\",\"url\":\"https:\\\/\\\/alegria-realestate.com\\\/pl\\\/articles\\\/news\\\/meet-alegria-representative-in-april\",\"name\":\"Od 4 do 7 kwietnia odb\u0119d\u0105 si\u0119 spotkania w Rosji z przedstawicielem \u201eAlegrii\u201d Andriejem Samylinem\",\"isPartOf\":{\"@id\":\"https:\\\/\\\/alegria-realestate.com\\\/pl\\\/#website\"},\"primaryImageOfPage\":{\"@id\":\"https:\\\/\\\/alegria-realestate.com\\\/pl\\\/articles\\\/news\\\/meet-alegria-representative-in-april#primaryimage\"},\"image\":{\"@id\":\"https:\\\/\\\/alegria-realestate.com\\\/pl\\\/articles\\\/news\\\/meet-alegria-representative-in-april#primaryimage\"},\"thumbnailUrl\":\"https:\\\/\\\/alegria-realestate.com\\\/wp-content\\\/uploads\\\/2021\\\/03\\\/MG_3409-1-scaled.jpg\",\"datePublished\":\"2021-03-18T11:09:54+00:00\",\"dateModified\":\"2025-08-14T18:28:01+00:00\",\"description\":\"\u0412 \u0430\u043f\u0440\u0435\u043b\u0435 \u0441\u043e\u0441\u0442\u043e\u044f\u0442\u0441\u044f \u0432\u0441\u0442\u0440\u0435\u0447\u0438 \u0441 \u043f\u0440\u0435\u0434\u0441\u0442\u0430\u0432\u0438\u0442\u0435\u043b\u0435\u043c \u043a\u043e\u043c\u043f\u0430\u043d\u0438\u0438 \\\"Alegria\\\" \u0410\u043d\u0434\u0440\u0435\u0435\u043c \u0421\u0430\u043c\u044b\u043b\u0438\u043d\u044b\u043c \u0432 \u0442\u0440\u0435\u0445 \u0433\u043e\u0440\u043e\u0434\u0430\u0445 \u0420\u043e\u0441\u0441\u0438\u0438. \u041d\u0435 \u043f\u0440\u043e\u043f\u0443\u0441\u0442\u0438\u0442\u0435!\",\"breadcrumb\":{\"@id\":\"https:\\\/\\\/alegria-realestate.com\\\/pl\\\/articles\\\/news\\\/meet-alegria-representative-in-april#breadcrumb\"},\"inLanguage\":\"pl-PL\",\"potentialAction\":[{\"@type\":\"ReadAction\",\"target\":[[\"https:\\\/\\\/alegria-realestate.com\\\/pl\\\/articles\\\/news\\\/meet-alegria-representative-in-april\"]]}]},{\"@type\":\"ImageObject\",\"inLanguage\":\"pl-PL\",\"@id\":\"https:\\\/\\\/alegria-realestate.com\\\/pl\\\/articles\\\/news\\\/meet-alegria-representative-in-april#primaryimage\",\"url\":\"https:\\\/\\\/alegria-realestate.com\\\/wp-content\\\/uploads\\\/2021\\\/03\\\/MG_3409-1-scaled.jpg\",\"contentUrl\":\"https:\\\/\\\/alegria-realestate.com\\\/wp-content\\\/uploads\\\/2021\\\/03\\\/MG_3409-1-scaled.jpg\",\"width\":1920,\"height\":1280},{\"@type\":\"BreadcrumbList\",\"@id\":\"https:\\\/\\\/alegria-realestate.com\\\/pl\\\/articles\\\/news\\\/meet-alegria-representative-in-april#breadcrumb\",\"itemListElement\":[{\"@type\":\"ListItem\",\"position\":1,\"name\":\"\u0413\u043b\u0430\u0432\u043d\u0430\u044f \u0441\u0442\u0440\u0430\u043d\u0438\u0446\u0430\",\"item\":\"https:\\\/\\\/alegria-realestate.com\\\/pl\\\/\"},{\"@type\":\"ListItem\",\"position\":2,\"name\":\"Od 4 do 7 kwietnia odb\u0119d\u0105 si\u0119 spotkania w Rosji z przedstawicielem \u201eAlegrii\u201d Andriejem Samylinem\"}]},{\"@type\":\"WebSite\",\"@id\":\"https:\\\/\\\/alegria-realestate.com\\\/pl\\\/#website\",\"url\":\"https:\\\/\\\/alegria-realestate.com\\\/pl\\\/\",\"name\":\"Nieruchomo\u015b\u0107 w Hiszpanii\",\"description\":\"Nieruchomo\u015bci w Hiszpanii: sprzeda\u017c we wszystkich miastach - Torrevieja, Alicante, Benidorm itp. Pomo\u017cemy Ci kupi\u0107 nieruchomo\u015bci na Costa Blanca - mieszkania wt\u00f3rne, nowe budynki. Projekt pod klucz. Nieruchomo\u015b\u0107 na Costa Blanca od 80 000 \u20ac.\",\"publisher\":{\"@id\":\"https:\\\/\\\/alegria-realestate.com\\\/pl\\\/#organization\"},\"potentialAction\":[{\"@type\":\"SearchAction\",\"target\":{\"@type\":\"EntryPoint\",\"urlTemplate\":\"https:\\\/\\\/alegria-realestate.com\\\/pl\\\/?s={search_term_string}\"},\"query-input\":{\"@type\":\"PropertyValueSpecification\",\"valueRequired\":true,\"valueName\":\"search_term_string\"}}],\"inLanguage\":\"pl-PL\"},{\"@type\":\"Organization\",\"@id\":\"https:\\\/\\\/alegria-realestate.com\\\/pl\\\/#organization\",\"name\":\"Alegria Realestate\",\"url\":\"https:\\\/\\\/alegria-realestate.com\\\/pl\\\/\",\"logo\":{\"@type\":\"ImageObject\",\"inLanguage\":\"pl-PL\",\"@id\":\"https:\\\/\\\/alegria-realestate.com\\\/pl\\\/#\\\/schema\\\/logo\\\/image\\\/\",\"url\":\"https:\\\/\\\/alegria-realestate.com\\\/wp-content\\\/uploads\\\/2019\\\/08\\\/logo_alegria.png\",\"contentUrl\":\"https:\\\/\\\/alegria-realestate.com\\\/wp-content\\\/uploads\\\/2019\\\/08\\\/logo_alegria.png\",\"width\":1600,\"height\":1403,\"caption\":\"Alegria Realestate\"},\"image\":{\"@id\":\"https:\\\/\\\/alegria-realestate.com\\\/pl\\\/#\\\/schema\\\/logo\\\/image\\\/\"},\"sameAs\":[\"https:\\\/\\\/www.facebook.com\\\/realestate.alegria\",\"https:\\\/\\\/x.com\\\/alegriarealesta\",\"https:\\\/\\\/www.instagram.com\\\/alegriadom\\\/\",\"https:\\\/\\\/www.linkedin.com\\\/profile\\\/view?id=154965227\",\"https:\\\/\\\/www.youtube.com\\\/user\\\/AlegriaRealEstate\"]},{\"@type\":\"Person\",\"@id\":\"https:\\\/\\\/alegria-realestate.com\\\/#\\\/schema\\\/person\\\/6c26f3bac4c1e476e858c219ece11984\",\"name\":\"\u041b\u0435\u0440\u0430\"}]}<\/script>\n<!-- \/ Yoast SEO plugin. -->","yoast_head_json":{"title":"Od 4 do 7 kwietnia odb\u0119d\u0105 si\u0119 spotkania w Rosji z przedstawicielem \u201eAlegrii\u201d Andriejem Samylinem","description":"\u0412 \u0430\u043f\u0440\u0435\u043b\u0435 \u0441\u043e\u0441\u0442\u043e\u044f\u0442\u0441\u044f \u0432\u0441\u0442\u0440\u0435\u0447\u0438 \u0441 \u043f\u0440\u0435\u0434\u0441\u0442\u0430\u0432\u0438\u0442\u0435\u043b\u0435\u043c \u043a\u043e\u043c\u043f\u0430\u043d\u0438\u0438 \"Alegria\" \u0410\u043d\u0434\u0440\u0435\u0435\u043c \u0421\u0430\u043c\u044b\u043b\u0438\u043d\u044b\u043c \u0432 \u0442\u0440\u0435\u0445 \u0433\u043e\u0440\u043e\u0434\u0430\u0445 \u0420\u043e\u0441\u0441\u0438\u0438. \u041d\u0435 \u043f\u0440\u043e\u043f\u0443\u0441\u0442\u0438\u0442\u0435!","robots":{"index":"index","follow":"follow","max-snippet":"max-snippet:-1","max-image-preview":"max-image-preview:large","max-video-preview":"max-video-preview:-1"},"canonical":"https:\/\/alegria-realestate.com\/pl\/wp-json\/wp\/v2\/posts\/415802","og_locale":"pl_PL","og_type":"article","og_title":"Od 4 do 7 kwietnia odb\u0119d\u0105 si\u0119 spotkania w Rosji z przedstawicielem \u201eAlegrii\u201d Andriejem Samylinem","og_description":"\u0412 \u0430\u043f\u0440\u0435\u043b\u0435 \u0441\u043e\u0441\u0442\u043e\u044f\u0442\u0441\u044f \u0432\u0441\u0442\u0440\u0435\u0447\u0438 \u0441 \u043f\u0440\u0435\u0434\u0441\u0442\u0430\u0432\u0438\u0442\u0435\u043b\u0435\u043c \u043a\u043e\u043c\u043f\u0430\u043d\u0438\u0438 \"Alegria\" \u0410\u043d\u0434\u0440\u0435\u0435\u043c \u0421\u0430\u043c\u044b\u043b\u0438\u043d\u044b\u043c \u0432 \u0442\u0440\u0435\u0445 \u0433\u043e\u0440\u043e\u0434\u0430\u0445 \u0420\u043e\u0441\u0441\u0438\u0438. \u041d\u0435 \u043f\u0440\u043e\u043f\u0443\u0441\u0442\u0438\u0442\u0435!","og_url":"https:\/\/alegria-realestate.com\/pl\/wp-json\/wp\/v2\/posts\/415802","og_site_name":"Nieruchomo\u015b\u0107 w Hiszpanii","article_publisher":"https:\/\/www.facebook.com\/realestate.alegria","article_published_time":"2021-03-18T11:09:54+00:00","article_modified_time":"2025-08-14T18:28:01+00:00","og_image":[{"width":1920,"height":1280,"url":"https:\/\/alegria-realestate.com\/wp-content\/uploads\/2021\/03\/MG_3409-1-scaled.jpg","type":"image\/jpeg"}],"author":"\u041b\u0435\u0440\u0430","twitter_card":"summary_large_image","twitter_creator":"@alegriarealesta","twitter_site":"@alegriarealesta","schema":{"@context":"https:\/\/schema.org","@graph":[{"@type":"Article","@id":"https:\/\/alegria-realestate.com\/pl\/articles\/news\/meet-alegria-representative-in-april#article","isPartOf":{"@id":"https:\/\/alegria-realestate.com\/pl\/articles\/news\/meet-alegria-representative-in-april"},"author":{"name":"\u041b\u0435\u0440\u0430","@id":"https:\/\/alegria-realestate.com\/#\/schema\/person\/6c26f3bac4c1e476e858c219ece11984"},"headline":"Od 4 do 7 kwietnia odb\u0119d\u0105 si\u0119 spotkania w Rosji z przedstawicielem \u201eAlegrii\u201d Andriejem Samylinem","datePublished":"2021-03-18T11:09:54+00:00","dateModified":"2025-08-14T18:28:01+00:00","mainEntityOfPage":{"@id":"https:\/\/alegria-realestate.com\/pl\/articles\/news\/meet-alegria-representative-in-april"},"wordCount":1064,"publisher":{"@id":"https:\/\/alegria-realestate.com\/#organization"},"image":{"@id":"https:\/\/alegria-realestate.com\/pl\/articles\/news\/meet-alegria-representative-in-april#primaryimage"},"thumbnailUrl":"https:\/\/alegria-realestate.com\/wp-content\/uploads\/2021\/03\/MG_3409-1-scaled.jpg","articleSection":["Wiadomo\u015bci"],"inLanguage":"pl-PL"},{"@type":"WebPage","@id":"https:\/\/alegria-realestate.com\/pl\/articles\/news\/meet-alegria-representative-in-april","url":"https:\/\/alegria-realestate.com\/pl\/articles\/news\/meet-alegria-representative-in-april","name":"Od 4 do 7 kwietnia odb\u0119d\u0105 si\u0119 spotkania w Rosji z przedstawicielem \u201eAlegrii\u201d Andriejem Samylinem","isPartOf":{"@id":"https:\/\/alegria-realestate.com\/pl\/#website"},"primaryImageOfPage":{"@id":"https:\/\/alegria-realestate.com\/pl\/articles\/news\/meet-alegria-representative-in-april#primaryimage"},"image":{"@id":"https:\/\/alegria-realestate.com\/pl\/articles\/news\/meet-alegria-representative-in-april#primaryimage"},"thumbnailUrl":"https:\/\/alegria-realestate.com\/wp-content\/uploads\/2021\/03\/MG_3409-1-scaled.jpg","datePublished":"2021-03-18T11:09:54+00:00","dateModified":"2025-08-14T18:28:01+00:00","description":"\u0412 \u0430\u043f\u0440\u0435\u043b\u0435 \u0441\u043e\u0441\u0442\u043e\u044f\u0442\u0441\u044f \u0432\u0441\u0442\u0440\u0435\u0447\u0438 \u0441 \u043f\u0440\u0435\u0434\u0441\u0442\u0430\u0432\u0438\u0442\u0435\u043b\u0435\u043c \u043a\u043e\u043c\u043f\u0430\u043d\u0438\u0438 \"Alegria\" \u0410\u043d\u0434\u0440\u0435\u0435\u043c \u0421\u0430\u043c\u044b\u043b\u0438\u043d\u044b\u043c \u0432 \u0442\u0440\u0435\u0445 \u0433\u043e\u0440\u043e\u0434\u0430\u0445 \u0420\u043e\u0441\u0441\u0438\u0438. \u041d\u0435 \u043f\u0440\u043e\u043f\u0443\u0441\u0442\u0438\u0442\u0435!","breadcrumb":{"@id":"https:\/\/alegria-realestate.com\/pl\/articles\/news\/meet-alegria-representative-in-april#breadcrumb"},"inLanguage":"pl-PL","potentialAction":[{"@type":"ReadAction","target":[["https:\/\/alegria-realestate.com\/pl\/articles\/news\/meet-alegria-representative-in-april"]]}]},{"@type":"ImageObject","inLanguage":"pl-PL","@id":"https:\/\/alegria-realestate.com\/pl\/articles\/news\/meet-alegria-representative-in-april#primaryimage","url":"https:\/\/alegria-realestate.com\/wp-content\/uploads\/2021\/03\/MG_3409-1-scaled.jpg","contentUrl":"https:\/\/alegria-realestate.com\/wp-content\/uploads\/2021\/03\/MG_3409-1-scaled.jpg","width":1920,"height":1280},{"@type":"BreadcrumbList","@id":"https:\/\/alegria-realestate.com\/pl\/articles\/news\/meet-alegria-representative-in-april#breadcrumb","itemListElement":[{"@type":"ListItem","position":1,"name":"\u0413\u043b\u0430\u0432\u043d\u0430\u044f \u0441\u0442\u0440\u0430\u043d\u0438\u0446\u0430","item":"https:\/\/alegria-realestate.com\/pl\/"},{"@type":"ListItem","position":2,"name":"Od 4 do 7 kwietnia odb\u0119d\u0105 si\u0119 spotkania w Rosji z przedstawicielem \u201eAlegrii\u201d Andriejem Samylinem"}]},{"@type":"WebSite","@id":"https:\/\/alegria-realestate.com\/pl\/#website","url":"https:\/\/alegria-realestate.com\/pl\/","name":"Nieruchomo\u015b\u0107 w Hiszpanii","description":"Nieruchomo\u015bci w Hiszpanii: sprzeda\u017c we wszystkich miastach - Torrevieja, Alicante, Benidorm itp. Pomo\u017cemy Ci kupi\u0107 nieruchomo\u015bci na Costa Blanca - mieszkania wt\u00f3rne, nowe budynki. Projekt pod klucz. Nieruchomo\u015b\u0107 na Costa Blanca od 80 000 \u20ac.","publisher":{"@id":"https:\/\/alegria-realestate.com\/pl\/#organization"},"potentialAction":[{"@type":"SearchAction","target":{"@type":"EntryPoint","urlTemplate":"https:\/\/alegria-realestate.com\/pl\/?s={search_term_string}"},"query-input":{"@type":"PropertyValueSpecification","valueRequired":true,"valueName":"search_term_string"}}],"inLanguage":"pl-PL"},{"@type":"Organization","@id":"https:\/\/alegria-realestate.com\/pl\/#organization","name":"Alegria Realestate","url":"https:\/\/alegria-realestate.com\/pl\/","logo":{"@type":"ImageObject","inLanguage":"pl-PL","@id":"https:\/\/alegria-realestate.com\/pl\/#\/schema\/logo\/image\/","url":"https:\/\/alegria-realestate.com\/wp-content\/uploads\/2019\/08\/logo_alegria.png","contentUrl":"https:\/\/alegria-realestate.com\/wp-content\/uploads\/2019\/08\/logo_alegria.png","width":1600,"height":1403,"caption":"Alegria Realestate"},"image":{"@id":"https:\/\/alegria-realestate.com\/pl\/#\/schema\/logo\/image\/"},"sameAs":["https:\/\/www.facebook.com\/realestate.alegria","https:\/\/x.com\/alegriarealesta","https:\/\/www.instagram.com\/alegriadom\/","https:\/\/www.linkedin.com\/profile\/view?id=154965227","https:\/\/www.youtube.com\/user\/AlegriaRealEstate"]},{"@type":"Person","@id":"https:\/\/alegria-realestate.com\/#\/schema\/person\/6c26f3bac4c1e476e858c219ece11984","name":"\u041b\u0435\u0440\u0430"}]}},"_links":{"self":[{"href":"https:\/\/alegria-realestate.com\/pl\/wp-json\/wp\/v2\/posts\/415802","targetHints":{"allow":["GET"]}}],"collection":[{"href":"https:\/\/alegria-realestate.com\/pl\/wp-json\/wp\/v2\/posts"}],"about":[{"href":"https:\/\/alegria-realestate.com\/pl\/wp-json\/wp\/v2\/types\/post"}],"author":[{"embeddable":true,"href":"https:\/\/alegria-realestate.com\/pl\/wp-json\/wp\/v2\/users\/19"}],"replies":[{"embeddable":true,"href":"https:\/\/alegria-realestate.com\/pl\/wp-json\/wp\/v2\/comments?post=415802"}],"version-history":[{"count":1,"href":"https:\/\/alegria-realestate.com\/pl\/wp-json\/wp\/v2\/posts\/415802\/revisions"}],"predecessor-version":[{"id":837436,"href":"https:\/\/alegria-realestate.com\/pl\/wp-json\/wp\/v2\/posts\/415802\/revisions\/837436"}],"wp:featuredmedia":[{"embeddable":true,"href":"https:\/\/alegria-realestate.com\/pl\/wp-json\/wp\/v2\/media\/415803"}],"wp:attachment":[{"href":"https:\/\/alegria-realestate.com\/pl\/wp-json\/wp\/v2\/media?parent=415802"}],"wp:term":[{"taxonomy":"category","embeddable":true,"href":"https:\/\/alegria-realestate.com\/pl\/wp-json\/wp\/v2\/categories?post=415802"},{"taxonomy":"post_tag","embeddable":true,"href":"https:\/\/alegria-realestate.com\/pl\/wp-json\/wp\/v2\/tags?post=415802"}],"curies":[{"name":"wp","href":"https:\/\/api.w.org\/{rel}","templated":true}]}}