{"id":551624,"date":"2026-03-13T17:55:41","date_gmt":"2026-03-13T14:55:41","guid":{"rendered":"https:\/\/alegria-realestate.com\/?p=551624"},"modified":"2026-03-18T23:40:07","modified_gmt":"2026-03-18T20:40:07","slug":"fallas-in-valencia","status":"publish","type":"post","link":"https:\/\/alegria-realestate.com\/pl\/articles\/fallas-in-valencia","title":{"rendered":"Las Fallas \u2013 najwa\u017cniejszy festiwal w Walencji: program 202"},"content":{"rendered":"<p><span style=\"font-weight: 400;\">Fallas to najs\u0142ynniejsze \u015bwi\u0119to <a href=\"https:\/\/alegria-realestate.com\/pl\/articles\/the-city-of-valencia\">Walencji<\/a>, uznane przez UNESCO za niematerialne dziedzictwo kulturowe ludzko\u015bci. Jego g\u0142\u00f3wnym symbolem s\u0105 ogromne tymczasowe monumenty rze\u017abiarskie z drewna i papier-m\u00e2ch\u00e9 (Fallas), ustawiane na ulicach i placach, aby mo\u017cna by\u0142o je podziwia\u0107\u2026 a\u017c do fina\u0142owego rytualnego spalenia. Obok \u201cdu\u017cych\u201d monument\u00f3w istniej\u0105 tak\u017ce dzieci\u0119ce fallas (Fallas infantiles): s\u0105 mniejsze i skierowane do m\u0142odszej publiczno\u015bci.<\/span><\/p>\n<h2><span style=\"font-weight: 400;\">Kiedy odbywa si\u0119 Fallas<\/span><\/h2>\n<p><span style=\"font-weight: 400;\">\u015awi\u0119to tradycyjnie obchodzone jest w marcu. Jego korzenie \u0142\u0105czy si\u0119 z wiosennymi rytua\u0142ami palenia starych rzeczy oraz z dniem \u015bwi\u0119tego J\u00f3zefa (San Jos\u00e9) \u2013 patrona stolarzy.<\/span><\/p>\n<p><span style=\"font-weight: 400;\">We wsp\u00f3\u0142czesnej Walencji \u015bwi\u0105teczna \u201crozgrzewka\u201d zaczyna si\u0119 wcze\u015bniej: od ko\u0144ca lutego s\u0142ycha\u0107 pierwsze zapowiedzi \u015bwi\u0119ta, a od 1 marca miasto wchodzi w codzienny rytm pirotechniki \u2013 masclet\u00e0 (Masclet\u00e0) w centrum oraz salw w poszczeg\u00f3lnych dzielnicach.<\/span><\/p>\n<h2><span style=\"font-weight: 400;\">G\u0142\u00f3wne elementy \u015bwi\u0119ta<\/span><\/h2>\n<h3><span style=\"font-weight: 400;\">Fallas i ninots<\/span><\/h3>\n<p><span style=\"font-weight: 400;\">Setki kompozycji fallas s\u0105 ustawiane w ca\u0142ym mie\u015bcie. Proces ten nazywa si\u0119 plant\u00e0. Ka\u017cda z nich ma zwykle sw\u00f3j temat i sk\u0142ada si\u0119 z wielu osobnych scen-rze\u017ab \u2013 ninots. To nie s\u0105 tylko dekoracje, ale wizualne opowie\u015bci: satyra, humor, komentarze do aktualnych wydarze\u0144 i rozpoznawalne postacie.<\/span><\/p>\n<h3><span style=\"font-weight: 400;\">\u201cBicie serca\u201d prochu \u2013 Masclet\u00e0<\/span><\/h3>\n<p><span style=\"font-weight: 400;\">Masclet\u00e0 to dzienne widowisko pirotechniczne, kt\u00f3re trudno opisa\u0107 s\u0142owami: to nie \u201cfajerwerki na niebie\u201d, ale rytm, huk i drgania narastaj\u0105ce falami. Klasycznym punktem przyci\u0105gania jest plac przed ratuszem (Plaza del Ayuntamiento).<\/span><\/p>\n<h3><span style=\"font-weight: 400;\">Ofiarowanie kwiat\u00f3w \u2013 Ofrenda de Flores<\/span><\/h3>\n<p><span style=\"font-weight: 400;\">Ofrenda (ofiarowanie kwiat\u00f3w Matce Bo\u017cej \u2013 Virgen de los Desamparados) odbywa si\u0119 17\u201318 marca: tysi\u0105ce uczestnik\u00f3w w tradycyjnych strojach id\u0105 w procesji i tworz\u0105 ogromny kwiatowy \u201cp\u0142aszcz\u201d na figurze patronki miasta.<\/span><\/p>\n<h3><span style=\"font-weight: 400;\">Fina\u0142 \u2013 Crem\u00e0<\/span><\/h3>\n<p><span style=\"font-weight: 400;\">Kulminacj\u0105 Fallas jest crem\u00e0: w nocy 19 marca monumenty s\u0105 kolejno spalane. Najpierw dzieci\u0119ce, potem \u201cdoros\u0142e\u201d, a najbardziej widowiskowy moment zwi\u0105zany jest z fallas na centralnych placach.<\/span><\/p>\n<h3><span style=\"font-weight: 400;\">Ile fallas ustawia si\u0119 w Walencji<\/span><\/h3>\n<p><span style=\"font-weight: 400;\">Podczas \u015bwi\u0119ta w mie\u015bcie pojawia si\u0119 oko\u0142o 800 monument\u00f3w: mniej wi\u0119cej po\u0142owa to dzieci\u0119ce, a po\u0142owa doros\u0142e.<\/span><\/p>\n<h3><span style=\"font-weight: 400;\">Gdzie powstaj\u0105 fallas i dlaczego \u201cnie wszystko p\u0142onie\u201d<\/span><\/h3>\n<p><span style=\"font-weight: 400;\">Monumenty powstaj\u0105 w du\u017cych warsztatach; znaczna cz\u0119\u015b\u0107 tej bran\u017cy kreatywnej skoncentrowana jest w \u201cmie\u015bcie rzemie\u015blnik\u00f3w\u201d. Cho\u0107 za\u0142o\u017ceniem \u015bwi\u0119ta jest ogie\u0144, co roku jeden ninot z doros\u0142ej falli i jeden z dzieci\u0119cej mo\u017ce zosta\u0107 uratowany g\u0142osowaniem publiczno\u015bci \u2013 to w\u0142a\u015bnie ninot indultat. Nast\u0119pnie trafiaj\u0105 do kolekcji muzealnej.<\/span><\/p>\n<h3><span style=\"font-weight: 400;\">Museo Fallero: dok\u0105d i\u015b\u0107, aby zobaczy\u0107 uratowane ninoty<\/span><\/h3>\n<p><span style=\"font-weight: 400;\">W Muzeum Fallas przechowywana jest kolekcja ninots indultats uratowanych przed ogniem od 1934 roku, a tak\u017ce plakaty oraz materia\u0142y fotograficzne i wideo, kt\u00f3re pomagaj\u0105 zrozumie\u0107 ewolucj\u0119 \u015bwi\u0119ta i jego symbolik\u0119. Wyja\u015bniony jest tam r\u00f3wnie\u017c zwi\u0105zek z g\u0142osowaniem publiczno\u015bci i wystaw\u0105 ninot\u00f3w.<\/span><\/p>\n<h3><span style=\"font-weight: 400;\">Exposici\u00f3n del Ninot 2026: wystawa, na kt\u00f3rej wybiera si\u0119 \u201cu\u0142askawionego\u201d<\/span><\/h3>\n<p><span style=\"font-weight: 400;\">Wystawa ninot\u00f3w to \u201cteaser\u201d Fallas: komisje wybieraj\u0105 po jednym ninocie \u2013 doros\u0142ym i dzieci\u0119cym, odwiedzaj\u0105cy g\u0142osuj\u0105, a dwoje zwyci\u0119zc\u00f3w nie spala si\u0119 19 marca, lecz trafia do muzeum.<\/span><\/p>\n<p><span style=\"font-weight: 400;\">W 2026 roku wystawa odbywa\u0142a si\u0119 od 7 lutego do 15 marca w <a href=\"https:\/\/alegria-realestate.com\/pl\/articles\/city-of-arts-and-sciences-in-valencia\">Mie\u015bcie Sztuki i Nauki<\/a>.<\/span><\/p>\n<h2><span style=\"font-weight: 400;\">Program Fallas 2026 (oficjalne wydarzenia 16\u201319 marca)<\/span><\/h2>\n<p><span style=\"font-weight: 400;\">Poni\u017cej \u2013 najwa\u017cniejsze punkty programu Visit Valencia (czas lokalny). <a href=\"https:\/\/www.visitvalencia.com\/agenda-valencia\/programa-fallas-2026\">Pe\u0142na strona programu<\/a><\/span><\/p>\n<h3><span style=\"font-weight: 400;\">Poniedzia\u0142ek, 16 marca 2026<\/span><\/h3>\n<ul>\n<li style=\"font-weight: 400;\" aria-level=\"1\"><span style=\"font-weight: 400;\">08:00 \u2013 <\/span><i><span style=\"font-weight: 400;\">Plant\u00e0<\/span><\/i><span style=\"font-weight: 400;\"> wszystkich fallas (ustawianie monument\u00f3w).<\/span><\/li>\n<li style=\"font-weight: 400;\" aria-level=\"1\"><span style=\"font-weight: 400;\">14:00 \u2013 <\/span><i><span style=\"font-weight: 400;\">Masclet\u00e0<\/span><\/i><span style=\"font-weight: 400;\"> na Plaza del Ayuntamiento (Pirotecnia Tamarit).<\/span><\/li>\n<li style=\"font-weight: 400;\" aria-level=\"1\"><span style=\"font-weight: 400;\">16:30 \u2013 Wr\u0119czenie nagr\u00f3d dzieci\u0119cych (Premios Infantiles) przy ratuszu.<\/span><\/li>\n<li style=\"font-weight: 400;\" aria-level=\"1\"><span style=\"font-weight: 400;\">23:59 \u2013 Nocny pokaz fajerwerk\u00f3w przy Puente de Monteolivete (Pirotecnia del Mediterr\u00e1neo).<\/span><\/li>\n<\/ul>\n<h3><span style=\"font-weight: 400;\">Wtorek, 17 marca 2026<\/span><\/h3>\n<ul>\n<li style=\"font-weight: 400;\" aria-level=\"1\"><span style=\"font-weight: 400;\">09:00 \u2013 Wr\u0119czenie nagr\u00f3d (Entrega de Premios) przy ratuszu.<\/span><\/li>\n<li style=\"font-weight: 400;\" aria-level=\"1\"><span style=\"font-weight: 400;\">14:00 \u2013 <\/span><i><span style=\"font-weight: 400;\">Masclet\u00e0<\/span><\/i><span style=\"font-weight: 400;\"> na Plaza del Ayuntamiento (Pirotecnia del Mediterr\u00e1neo).<\/span><\/li>\n<li style=\"font-weight: 400;\" aria-level=\"1\"><span style=\"font-weight: 400;\">15:30 \u2013 Ofrenda de flores (pocz\u0105tek procesji).<\/span><\/li>\n<li style=\"font-weight: 400;\" aria-level=\"1\"><span style=\"font-weight: 400;\">23:59 \u2013 Nocny pokaz fajerwerk\u00f3w przy Puente de Monteolivete (Pirotecnia Zaragozana).<\/span><\/li>\n<\/ul>\n<p><strong>Ofrenda 17 marca \u2013 harmonogram wed\u0142ug tras<\/strong><\/p>\n<ul>\n<li><strong>Trasa \u201cCalle La Paz\u201d (start 15:30):<\/strong><span style=\"font-weight: 400;\"> Rascanya (15:30) \u2192 Camins al Grau (17:10) \u2192 Ruzafa A (18:55) \u2192 Ruzafa B (19:55) \u2192 Pla del Reial-Benimaclet (20:40) \u2192 Canyamelar-Grau-Nazaret (22:40) \u2192 La Xerea (00:10).<\/span><\/li>\n<li><strong>Trasa \u201cCalle San Vicente\u201d (start 15:30):<\/strong><span style=\"font-weight: 400;\"> Patraix (15:30) \u2192 Bot\u00e0nic-La Petxina (16:45) \u2192 El Carmen (17:45) \u2192 Jes\u00fas (18:30) \u2192 Quart de Poblet-Xirivella (19:45) \u2192 La Creu Coberta (21:25) \u2192 El Pilar-Sant Francesc (22:40) \u2192 La Seu-El Mercat (23:55) \u2192 Casas Regionales (00:25) \u2192 Juntas Locales (00:35) \u2192 Comitiva y Falleras Mayores Infantiles (00:50\u201301:00, w tym Fallera Mayor Infantil).<\/span><\/li>\n<\/ul>\n<h3><span style=\"font-weight: 400;\">\u015aroda, 18 marca 2026<\/span><\/h3>\n<ul>\n<li style=\"font-weight: 400;\" aria-level=\"1\"><span style=\"font-weight: 400;\">10:00 \u2013 Uroczysto\u015b\u0107 pami\u0105tkowa po\u015bwi\u0119cona poecie Maximiliano Thousowi.<\/span><\/li>\n<li style=\"font-weight: 400;\" aria-level=\"1\"><span style=\"font-weight: 400;\">12:00 \u2013 Uroczysto\u015b\u0107 pami\u0105tkowa po\u015bwi\u0119cona Maestro Serrano.<\/span><\/li>\n<li style=\"font-weight: 400;\" aria-level=\"1\"><span style=\"font-weight: 400;\">14:00 \u2013 <\/span><i><span style=\"font-weight: 400;\">Masclet\u00e0<\/span><\/i><span style=\"font-weight: 400;\"> na Plaza del Ayuntamiento (Pirotecnia Caballer FX).<\/span><\/li>\n<li style=\"font-weight: 400;\" aria-level=\"1\"><span style=\"font-weight: 400;\">15:30 \u2013 Ofrenda de flores (drugi dzie\u0144).<\/span><\/li>\n<li style=\"font-weight: 400;\" aria-level=\"1\"><span style=\"font-weight: 400;\">23:59 \u2013 NIT DEL FOC (Puente de Monteolivete, Pirotecnia Valenciana).<\/span><\/li>\n<\/ul>\n<p><strong>Ofrenda 18 marca \u2013 harmonogram wed\u0142ug tras<\/strong><\/p>\n<ul>\n<li><span style=\"font-weight: 400;\"><strong>Trasa \u201cCalle La Paz\u201d (start 15:30)<\/strong>:<\/span><span style=\"font-weight: 400;\"> Quatre Carreres (15:30) \u2192 Benimamet-Burjassot-Beniferri (17:10) \u2192 Pla del Remei-Gran V\u00eda (19:10) \u2192 Malvarrosa-Caba\u00f1al-Beter\u00f3 (20:40) \u2192 Algir\u00f3s (21:55) \u2192 Poblats al Sud (22:55).<\/span><\/li>\n<li><span style=\"font-weight: 400;\"><strong>Trasa \u201cCalle San Vicente\u201d (start 15:30)<\/strong>:<\/span><span style=\"font-weight: 400;\"> Benicalap (15:30) \u2192 Campanar (16:45) \u2192 La Roqueta-Arrancapins (18:00) \u2192 Olivereta (19:30) \u2192 Zaidia (21:15) \u2192 Mislata (22:50) \u2192 Casas Regionales (00:05) \u2192 Entidades invitadas (00:15) \u2192 Falla de la Fallera Mayor + Comitiva + Falleras Mayores (00:25\u201300:40).<\/span><\/li>\n<\/ul>\n<h3><span style=\"font-weight: 400;\">Czwartek, 19 marca 2026<\/span><\/h3>\n<ul>\n<li style=\"font-weight: 400;\" aria-level=\"1\"><span style=\"font-weight: 400;\">12:00 \u2013 Uroczysta msza ku czci San Jos\u00e9 (katedra).<\/span><\/li>\n<li style=\"font-weight: 400;\" aria-level=\"1\"><span style=\"font-weight: 400;\">14:00 \u2013 <\/span><i><span style=\"font-weight: 400;\">Masclet\u00e0<\/span><\/i><span style=\"font-weight: 400;\"> na Plaza del Ayuntamiento (Pirotecnia Hnos Caballer).<\/span><\/li>\n<li style=\"font-weight: 400;\" aria-level=\"1\"><span style=\"font-weight: 400;\">19:00 \u2013 Cabalgata del Fuego (ulic\u0105 Calle de la Paz do Porta de la Mar).<\/span><\/li>\n<li style=\"font-weight: 400;\" aria-level=\"1\"><span style=\"font-weight: 400;\">20:00 \u2013 Crem\u00e0 dzieci\u0119cych fallas.<\/span><\/li>\n<li style=\"font-weight: 400;\" aria-level=\"1\"><span style=\"font-weight: 400;\">20:30 \u2013 Crem\u00e0 zwyci\u0119skiej dzieci\u0119cej falli z Secci\u00f3n Especial.<\/span><\/li>\n<li style=\"font-weight: 400;\" aria-level=\"1\"><span style=\"font-weight: 400;\">21:00 \u2013 Crem\u00e0 dzieci\u0119cej falli na Plaza del Ayuntamiento.<\/span><\/li>\n<li style=\"font-weight: 400;\" aria-level=\"1\"><span style=\"font-weight: 400;\">22:00 \u2013 Crem\u00e0 wszystkich fallas w Walencji.<\/span><\/li>\n<li style=\"font-weight: 400;\" aria-level=\"1\"><span style=\"font-weight: 400;\">22:30 \u2013 Crem\u00e0 zwyci\u0119zcy Secci\u00f3n Especial.<\/span><\/li>\n<li style=\"font-weight: 400;\" aria-level=\"1\"><span style=\"font-weight: 400;\">23:00 \u2013 Crem\u00e0 falli na Plaza del Ayuntamiento (Pirotecnia Hnos Caballer).<\/span><\/li>\n<\/ul>\n<p><\/p>","protected":false},"excerpt":{"rendered":"<p>Fallas to najs\u0142ynniejsze \u015bwi\u0119to Walencji, uznane przez UNESCO za\u2026<\/p>\n","protected":false},"author":19,"featured_media":551628,"comment_status":"closed","ping_status":"closed","sticky":false,"template":"","format":"standard","meta":{"footnotes":""},"categories":[1,74],"tags":[],"class_list":["post-551624","post","type-post","status-publish","format-standard","has-post-thumbnail","hentry","category-articles","category-life-in-spain"],"yoast_head":"<!-- This site is optimized with the Yoast SEO plugin v27.5 - https:\/\/yoast.com\/product\/yoast-seo-wordpress\/ -->\n<title>Las Fallas \u2013 najwa\u017cniejszy festiwal w Walencji: program 2026<\/title>\n<meta name=\"description\" content=\"Przewodnik po Las Fallas 2026: najwa\u017cniejsze wydarzenia i harmonogram, gdzie ogl\u0105da\u0107 g\u0142\u00f3wne pokazy, trasy po mie\u015bcie i praktyczne wskaz\u00f3wki.\" \/>\n<meta name=\"robots\" content=\"index, follow, max-snippet:-1, max-image-preview:large, max-video-preview:-1\" \/>\n<link rel=\"canonical\" href=\"https:\/\/alegria-realestate.com\/pl\/wp-json\/wp\/v2\/posts\/551624\" \/>\n<meta property=\"og:locale\" content=\"pl_PL\" \/>\n<meta property=\"og:type\" content=\"article\" \/>\n<meta property=\"og:title\" content=\"Las Fallas \u2013 najwa\u017cniejszy festiwal w Walencji: program 2026\" \/>\n<meta property=\"og:description\" content=\"Przewodnik po Las Fallas 2026: najwa\u017cniejsze wydarzenia i harmonogram, gdzie ogl\u0105da\u0107 g\u0142\u00f3wne pokazy, trasy po mie\u015bcie i praktyczne wskaz\u00f3wki.\" \/>\n<meta property=\"og:url\" content=\"https:\/\/alegria-realestate.com\/pl\/wp-json\/wp\/v2\/posts\/551624\" \/>\n<meta property=\"og:site_name\" content=\"Nieruchomo\u015b\u0107 w Hiszpanii\" \/>\n<meta property=\"article:publisher\" content=\"https:\/\/www.facebook.com\/realestate.alegria\" \/>\n<meta property=\"article:published_time\" content=\"2026-03-13T14:55:41+00:00\" \/>\n<meta property=\"article:modified_time\" content=\"2026-03-18T20:40:07+00:00\" \/>\n<meta property=\"og:image\" content=\"https:\/\/alegria-realestate.com\/wp-content\/uploads\/2024\/03\/Depositphotos_189450638_XL-scaled.jpg\" \/>\n\t<meta property=\"og:image:width\" content=\"2560\" \/>\n\t<meta property=\"og:image:height\" content=\"1707\" \/>\n\t<meta property=\"og:image:type\" content=\"image\/jpeg\" \/>\n<meta name=\"author\" content=\"\u041b\u0435\u0440\u0430\" \/>\n<meta name=\"twitter:card\" content=\"summary_large_image\" \/>\n<meta name=\"twitter:creator\" content=\"@alegriarealesta\" \/>\n<meta name=\"twitter:site\" content=\"@alegriarealesta\" \/>\n<script type=\"application\/ld+json\" class=\"yoast-schema-graph\">{\"@context\":\"https:\\\/\\\/schema.org\",\"@graph\":[{\"@type\":\"Article\",\"@id\":\"https:\\\/\\\/alegria-realestate.com\\\/articles\\\/fallas-in-valencia#article\",\"isPartOf\":{\"@id\":\"https:\\\/\\\/alegria-realestate.com\\\/articles\\\/fallas-in-valencia\"},\"author\":{\"name\":\"\u041b\u0435\u0440\u0430\",\"@id\":\"https:\\\/\\\/alegria-realestate.com\\\/#\\\/schema\\\/person\\\/6c26f3bac4c1e476e858c219ece11984\"},\"headline\":\"Las Fallas \u2013 najwa\u017cniejszy festiwal w Walencji: program 202\",\"datePublished\":\"2026-03-13T14:55:41+00:00\",\"dateModified\":\"2026-03-18T20:40:07+00:00\",\"mainEntityOfPage\":{\"@id\":\"https:\\\/\\\/alegria-realestate.com\\\/articles\\\/fallas-in-valencia\"},\"wordCount\":9687,\"publisher\":{\"@id\":\"https:\\\/\\\/alegria-realestate.com\\\/#organization\"},\"image\":{\"@id\":\"https:\\\/\\\/alegria-realestate.com\\\/articles\\\/fallas-in-valencia#primaryimage\"},\"thumbnailUrl\":\"https:\\\/\\\/alegria-realestate.com\\\/wp-content\\\/uploads\\\/2024\\\/03\\\/Depositphotos_189450638_XL-scaled.jpg\",\"articleSection\":[\"Blog\",\"\u017bycie w Hiszpanii\"],\"inLanguage\":\"pl-PL\"},{\"@type\":\"WebPage\",\"@id\":\"https:\\\/\\\/alegria-realestate.com\\\/pl\\\/articles\\\/fallas-in-valencia\",\"url\":\"https:\\\/\\\/alegria-realestate.com\\\/pl\\\/articles\\\/fallas-in-valencia\",\"name\":\"Las Fallas \u2013 najwa\u017cniejszy festiwal w Walencji: program 2026\",\"isPartOf\":{\"@id\":\"https:\\\/\\\/alegria-realestate.com\\\/pl\\\/#website\"},\"primaryImageOfPage\":{\"@id\":\"https:\\\/\\\/alegria-realestate.com\\\/pl\\\/articles\\\/fallas-in-valencia#primaryimage\"},\"image\":{\"@id\":\"https:\\\/\\\/alegria-realestate.com\\\/articles\\\/fallas-in-valencia#primaryimage\"},\"thumbnailUrl\":\"https:\\\/\\\/alegria-realestate.com\\\/wp-content\\\/uploads\\\/2024\\\/03\\\/Depositphotos_189450638_XL-scaled.jpg\",\"datePublished\":\"2026-03-13T14:55:41+00:00\",\"dateModified\":\"2026-03-18T20:40:07+00:00\",\"description\":\"Przewodnik po Las Fallas 2026: najwa\u017cniejsze wydarzenia i harmonogram, gdzie ogl\u0105da\u0107 g\u0142\u00f3wne pokazy, trasy po mie\u015bcie i praktyczne wskaz\u00f3wki.\",\"breadcrumb\":{\"@id\":\"https:\\\/\\\/alegria-realestate.com\\\/pl\\\/articles\\\/fallas-in-valencia#breadcrumb\"},\"inLanguage\":\"pl-PL\",\"potentialAction\":[{\"@type\":\"ReadAction\",\"target\":[[\"https:\\\/\\\/alegria-realestate.com\\\/pl\\\/articles\\\/fallas-in-valencia\"]]}]},{\"@type\":\"ImageObject\",\"inLanguage\":\"pl-PL\",\"@id\":\"https:\\\/\\\/alegria-realestate.com\\\/pl\\\/articles\\\/fallas-in-valencia#primaryimage\",\"url\":\"https:\\\/\\\/alegria-realestate.com\\\/wp-content\\\/uploads\\\/2024\\\/03\\\/Depositphotos_189450638_XL-scaled.jpg\",\"contentUrl\":\"https:\\\/\\\/alegria-realestate.com\\\/wp-content\\\/uploads\\\/2024\\\/03\\\/Depositphotos_189450638_XL-scaled.jpg\",\"width\":2560,\"height\":1707,\"caption\":\"\u041f\u0440\u043e\u0433\u0440\u0430\u043c\u043c\u0430 \u0444\u0435\u0441\u0442\u0438\u0432\u0430\u043b\u044f \u0424\u0430\u043b\u044c\u044f\u0441-2024 \u0432 \u0412\u0430\u043b\u0435\u043d\u0441\u0438\u0438\"},{\"@type\":\"BreadcrumbList\",\"@id\":\"https:\\\/\\\/alegria-realestate.com\\\/pl\\\/articles\\\/fallas-in-valencia#breadcrumb\",\"itemListElement\":[{\"@type\":\"ListItem\",\"position\":1,\"name\":\"\u0413\u043b\u0430\u0432\u043d\u0430\u044f \u0441\u0442\u0440\u0430\u043d\u0438\u0446\u0430\",\"item\":\"https:\\\/\\\/alegria-realestate.com\\\/pl\\\/\"},{\"@type\":\"ListItem\",\"position\":2,\"name\":\"\u0424\u0430\u043b\u044c\u044f\u0441 \u2013 \u0433\u043b\u0430\u0432\u043d\u044b\u0439 \u0444\u0435\u0441\u0442\u0438\u0432\u0430\u043b\u044c \u0412\u0430\u043b\u0435\u043d\u0441\u0438\u0438: \u041f\u0440\u043e\u0433\u0440\u0430\u043c\u043c\u0430 2026\"}]},{\"@type\":\"WebSite\",\"@id\":\"https:\\\/\\\/alegria-realestate.com\\\/pl\\\/#website\",\"url\":\"https:\\\/\\\/alegria-realestate.com\\\/pl\\\/\",\"name\":\"Nieruchomo\u015b\u0107 w Hiszpanii\",\"description\":\"Nieruchomo\u015bci w Hiszpanii: sprzeda\u017c we wszystkich miastach - Torrevieja, Alicante, Benidorm itp. Pomo\u017cemy Ci kupi\u0107 nieruchomo\u015bci na Costa Blanca - mieszkania wt\u00f3rne, nowe budynki. Projekt pod klucz. Nieruchomo\u015b\u0107 na Costa Blanca od 80 000 \u20ac.\",\"publisher\":{\"@id\":\"https:\\\/\\\/alegria-realestate.com\\\/pl\\\/#organization\"},\"potentialAction\":[{\"@type\":\"SearchAction\",\"target\":{\"@type\":\"EntryPoint\",\"urlTemplate\":\"https:\\\/\\\/alegria-realestate.com\\\/pl\\\/?s={search_term_string}\"},\"query-input\":{\"@type\":\"PropertyValueSpecification\",\"valueRequired\":true,\"valueName\":\"search_term_string\"}}],\"inLanguage\":\"pl-PL\"},{\"@type\":\"Organization\",\"@id\":\"https:\\\/\\\/alegria-realestate.com\\\/pl\\\/#organization\",\"name\":\"Alegria Realestate\",\"url\":\"https:\\\/\\\/alegria-realestate.com\\\/pl\\\/\",\"logo\":{\"@type\":\"ImageObject\",\"inLanguage\":\"pl-PL\",\"@id\":\"https:\\\/\\\/alegria-realestate.com\\\/pl\\\/#\\\/schema\\\/logo\\\/image\\\/\",\"url\":\"https:\\\/\\\/alegria-realestate.com\\\/wp-content\\\/uploads\\\/2019\\\/08\\\/logo_alegria.png\",\"contentUrl\":\"https:\\\/\\\/alegria-realestate.com\\\/wp-content\\\/uploads\\\/2019\\\/08\\\/logo_alegria.png\",\"width\":1600,\"height\":1403,\"caption\":\"Alegria Realestate\"},\"image\":{\"@id\":\"https:\\\/\\\/alegria-realestate.com\\\/pl\\\/#\\\/schema\\\/logo\\\/image\\\/\"},\"sameAs\":[\"https:\\\/\\\/www.facebook.com\\\/realestate.alegria\",\"https:\\\/\\\/x.com\\\/alegriarealesta\",\"https:\\\/\\\/www.instagram.com\\\/alegriadom\\\/\",\"https:\\\/\\\/www.linkedin.com\\\/profile\\\/view?id=154965227\",\"https:\\\/\\\/www.youtube.com\\\/user\\\/AlegriaRealEstate\"]},{\"@type\":\"Person\",\"@id\":\"https:\\\/\\\/alegria-realestate.com\\\/#\\\/schema\\\/person\\\/6c26f3bac4c1e476e858c219ece11984\",\"name\":\"\u041b\u0435\u0440\u0430\"}]}<\/script>\n<!-- \/ Yoast SEO plugin. -->","yoast_head_json":{"title":"Las Fallas \u2013 najwa\u017cniejszy festiwal w Walencji: program 2026","description":"Przewodnik po Las Fallas 2026: najwa\u017cniejsze wydarzenia i harmonogram, gdzie ogl\u0105da\u0107 g\u0142\u00f3wne pokazy, trasy po mie\u015bcie i praktyczne wskaz\u00f3wki.","robots":{"index":"index","follow":"follow","max-snippet":"max-snippet:-1","max-image-preview":"max-image-preview:large","max-video-preview":"max-video-preview:-1"},"canonical":"https:\/\/alegria-realestate.com\/pl\/wp-json\/wp\/v2\/posts\/551624","og_locale":"pl_PL","og_type":"article","og_title":"Las Fallas \u2013 najwa\u017cniejszy festiwal w Walencji: program 2026","og_description":"Przewodnik po Las Fallas 2026: najwa\u017cniejsze wydarzenia i harmonogram, gdzie ogl\u0105da\u0107 g\u0142\u00f3wne pokazy, trasy po mie\u015bcie i praktyczne wskaz\u00f3wki.","og_url":"https:\/\/alegria-realestate.com\/pl\/wp-json\/wp\/v2\/posts\/551624","og_site_name":"Nieruchomo\u015b\u0107 w Hiszpanii","article_publisher":"https:\/\/www.facebook.com\/realestate.alegria","article_published_time":"2026-03-13T14:55:41+00:00","article_modified_time":"2026-03-18T20:40:07+00:00","og_image":[{"width":2560,"height":1707,"url":"https:\/\/alegria-realestate.com\/wp-content\/uploads\/2024\/03\/Depositphotos_189450638_XL-scaled.jpg","type":"image\/jpeg"}],"author":"\u041b\u0435\u0440\u0430","twitter_card":"summary_large_image","twitter_creator":"@alegriarealesta","twitter_site":"@alegriarealesta","schema":{"@context":"https:\/\/schema.org","@graph":[{"@type":"Article","@id":"https:\/\/alegria-realestate.com\/articles\/fallas-in-valencia#article","isPartOf":{"@id":"https:\/\/alegria-realestate.com\/articles\/fallas-in-valencia"},"author":{"name":"\u041b\u0435\u0440\u0430","@id":"https:\/\/alegria-realestate.com\/#\/schema\/person\/6c26f3bac4c1e476e858c219ece11984"},"headline":"Las Fallas \u2013 najwa\u017cniejszy festiwal w Walencji: program 202","datePublished":"2026-03-13T14:55:41+00:00","dateModified":"2026-03-18T20:40:07+00:00","mainEntityOfPage":{"@id":"https:\/\/alegria-realestate.com\/articles\/fallas-in-valencia"},"wordCount":9687,"publisher":{"@id":"https:\/\/alegria-realestate.com\/#organization"},"image":{"@id":"https:\/\/alegria-realestate.com\/articles\/fallas-in-valencia#primaryimage"},"thumbnailUrl":"https:\/\/alegria-realestate.com\/wp-content\/uploads\/2024\/03\/Depositphotos_189450638_XL-scaled.jpg","articleSection":["Blog","\u017bycie w Hiszpanii"],"inLanguage":"pl-PL"},{"@type":"WebPage","@id":"https:\/\/alegria-realestate.com\/pl\/articles\/fallas-in-valencia","url":"https:\/\/alegria-realestate.com\/pl\/articles\/fallas-in-valencia","name":"Las Fallas \u2013 najwa\u017cniejszy festiwal w Walencji: program 2026","isPartOf":{"@id":"https:\/\/alegria-realestate.com\/pl\/#website"},"primaryImageOfPage":{"@id":"https:\/\/alegria-realestate.com\/pl\/articles\/fallas-in-valencia#primaryimage"},"image":{"@id":"https:\/\/alegria-realestate.com\/articles\/fallas-in-valencia#primaryimage"},"thumbnailUrl":"https:\/\/alegria-realestate.com\/wp-content\/uploads\/2024\/03\/Depositphotos_189450638_XL-scaled.jpg","datePublished":"2026-03-13T14:55:41+00:00","dateModified":"2026-03-18T20:40:07+00:00","description":"Przewodnik po Las Fallas 2026: najwa\u017cniejsze wydarzenia i harmonogram, gdzie ogl\u0105da\u0107 g\u0142\u00f3wne pokazy, trasy po mie\u015bcie i praktyczne wskaz\u00f3wki.","breadcrumb":{"@id":"https:\/\/alegria-realestate.com\/pl\/articles\/fallas-in-valencia#breadcrumb"},"inLanguage":"pl-PL","potentialAction":[{"@type":"ReadAction","target":[["https:\/\/alegria-realestate.com\/pl\/articles\/fallas-in-valencia"]]}]},{"@type":"ImageObject","inLanguage":"pl-PL","@id":"https:\/\/alegria-realestate.com\/pl\/articles\/fallas-in-valencia#primaryimage","url":"https:\/\/alegria-realestate.com\/wp-content\/uploads\/2024\/03\/Depositphotos_189450638_XL-scaled.jpg","contentUrl":"https:\/\/alegria-realestate.com\/wp-content\/uploads\/2024\/03\/Depositphotos_189450638_XL-scaled.jpg","width":2560,"height":1707,"caption":"\u041f\u0440\u043e\u0433\u0440\u0430\u043c\u043c\u0430 \u0444\u0435\u0441\u0442\u0438\u0432\u0430\u043b\u044f \u0424\u0430\u043b\u044c\u044f\u0441-2024 \u0432 \u0412\u0430\u043b\u0435\u043d\u0441\u0438\u0438"},{"@type":"BreadcrumbList","@id":"https:\/\/alegria-realestate.com\/pl\/articles\/fallas-in-valencia#breadcrumb","itemListElement":[{"@type":"ListItem","position":1,"name":"\u0413\u043b\u0430\u0432\u043d\u0430\u044f \u0441\u0442\u0440\u0430\u043d\u0438\u0446\u0430","item":"https:\/\/alegria-realestate.com\/pl\/"},{"@type":"ListItem","position":2,"name":"\u0424\u0430\u043b\u044c\u044f\u0441 \u2013 \u0433\u043b\u0430\u0432\u043d\u044b\u0439 \u0444\u0435\u0441\u0442\u0438\u0432\u0430\u043b\u044c \u0412\u0430\u043b\u0435\u043d\u0441\u0438\u0438: \u041f\u0440\u043e\u0433\u0440\u0430\u043c\u043c\u0430 2026"}]},{"@type":"WebSite","@id":"https:\/\/alegria-realestate.com\/pl\/#website","url":"https:\/\/alegria-realestate.com\/pl\/","name":"Nieruchomo\u015b\u0107 w Hiszpanii","description":"Nieruchomo\u015bci w Hiszpanii: sprzeda\u017c we wszystkich miastach - Torrevieja, Alicante, Benidorm itp. Pomo\u017cemy Ci kupi\u0107 nieruchomo\u015bci na Costa Blanca - mieszkania wt\u00f3rne, nowe budynki. Projekt pod klucz. Nieruchomo\u015b\u0107 na Costa Blanca od 80 000 \u20ac.","publisher":{"@id":"https:\/\/alegria-realestate.com\/pl\/#organization"},"potentialAction":[{"@type":"SearchAction","target":{"@type":"EntryPoint","urlTemplate":"https:\/\/alegria-realestate.com\/pl\/?s={search_term_string}"},"query-input":{"@type":"PropertyValueSpecification","valueRequired":true,"valueName":"search_term_string"}}],"inLanguage":"pl-PL"},{"@type":"Organization","@id":"https:\/\/alegria-realestate.com\/pl\/#organization","name":"Alegria Realestate","url":"https:\/\/alegria-realestate.com\/pl\/","logo":{"@type":"ImageObject","inLanguage":"pl-PL","@id":"https:\/\/alegria-realestate.com\/pl\/#\/schema\/logo\/image\/","url":"https:\/\/alegria-realestate.com\/wp-content\/uploads\/2019\/08\/logo_alegria.png","contentUrl":"https:\/\/alegria-realestate.com\/wp-content\/uploads\/2019\/08\/logo_alegria.png","width":1600,"height":1403,"caption":"Alegria Realestate"},"image":{"@id":"https:\/\/alegria-realestate.com\/pl\/#\/schema\/logo\/image\/"},"sameAs":["https:\/\/www.facebook.com\/realestate.alegria","https:\/\/x.com\/alegriarealesta","https:\/\/www.instagram.com\/alegriadom\/","https:\/\/www.linkedin.com\/profile\/view?id=154965227","https:\/\/www.youtube.com\/user\/AlegriaRealEstate"]},{"@type":"Person","@id":"https:\/\/alegria-realestate.com\/#\/schema\/person\/6c26f3bac4c1e476e858c219ece11984","name":"\u041b\u0435\u0440\u0430"}]}},"_links":{"self":[{"href":"https:\/\/alegria-realestate.com\/pl\/wp-json\/wp\/v2\/posts\/551624","targetHints":{"allow":["GET"]}}],"collection":[{"href":"https:\/\/alegria-realestate.com\/pl\/wp-json\/wp\/v2\/posts"}],"about":[{"href":"https:\/\/alegria-realestate.com\/pl\/wp-json\/wp\/v2\/types\/post"}],"author":[{"embeddable":true,"href":"https:\/\/alegria-realestate.com\/pl\/wp-json\/wp\/v2\/users\/19"}],"replies":[{"embeddable":true,"href":"https:\/\/alegria-realestate.com\/pl\/wp-json\/wp\/v2\/comments?post=551624"}],"version-history":[{"count":4,"href":"https:\/\/alegria-realestate.com\/pl\/wp-json\/wp\/v2\/posts\/551624\/revisions"}],"predecessor-version":[{"id":1262909,"href":"https:\/\/alegria-realestate.com\/pl\/wp-json\/wp\/v2\/posts\/551624\/revisions\/1262909"}],"wp:featuredmedia":[{"embeddable":true,"href":"https:\/\/alegria-realestate.com\/pl\/wp-json\/wp\/v2\/media\/551628"}],"wp:attachment":[{"href":"https:\/\/alegria-realestate.com\/pl\/wp-json\/wp\/v2\/media?parent=551624"}],"wp:term":[{"taxonomy":"category","embeddable":true,"href":"https:\/\/alegria-realestate.com\/pl\/wp-json\/wp\/v2\/categories?post=551624"},{"taxonomy":"post_tag","embeddable":true,"href":"https:\/\/alegria-realestate.com\/pl\/wp-json\/wp\/v2\/tags?post=551624"}],"curies":[{"name":"wp","href":"https:\/\/api.w.org\/{rel}","templated":true}]}}