{"id":1005055,"date":"2025-12-03T11:58:14","date_gmt":"2025-12-03T08:58:14","guid":{"rendered":"https:\/\/alegria-realestate.com\/?p=1005055"},"modified":"2025-12-04T16:21:54","modified_gmt":"2025-12-04T13:21:54","slug":"spanish-government-drafts-decree-to-support-landlords-in-cases-of-non-payment","status":"publish","type":"post","link":"https:\/\/alegria-realestate.com\/sv\/articles\/spanish-government-drafts-decree-to-support-landlords-in-cases-of-non-payment","title":{"rendered":"Spaniens regering tar fram ett dekret f\u00f6r st\u00f6d till hyresv\u00e4rdar vid uteblivna betalningar"},"content":{"rendered":"<p><\/p>\n<h2>Nytt skydd f\u00f6r hyresv\u00e4rdar och \u00f6verenskommelser med Junts<\/h2>\n<p>Vid n\u00e4sta regeringssammantr\u00e4de, som \u00e4r planerat till den 9 december, kommer en f\u00f6rordning att godk\u00e4nnas som ska hj\u00e4lpa bostads\u00e4gare vid obetalda hyror n\u00e4r de hyr ut till unga eller \u00abs\u00e5rbara grupper\u00bb. Denna \u00e5tg\u00e4rd, liksom att p\u00e5skynda vr\u00e4kningar av <em>okupas<\/em>, \u00e4r en del av de \u00e5taganden som f\u00f6ljer av \u00f6verenskommelserna med det katalanska separatistpartiet Junts. Fastighetsexperter menar att \u00e5tg\u00e4rden kommer sju \u00e5r f\u00f6r sent. Dessutom har \u00e4garna aldrig bett staten om pengar \u2013 de har bara velat kunna hyra ut utan r\u00e4dsla f\u00f6r att st\u00e5 utan n\u00e5gonting. I detta sammanhang blir verktyg som <a href=\"https:\/\/alegria-realestate.com\/sv\/articles\/non-payment-of-rent-insurance-in-spain-everything-you-need-to-know\">f\u00f6rs\u00e4kring mot obetald hyra<\/a> och professionella <a href=\"https:\/\/alegria-realestate.com\/sv\/service\/rent-out-property-in-spain\">tj\u00e4nster f\u00f6r uthyrning och f\u00f6rvaltning av bost\u00e4der i Spanien<\/a> allt mer popul\u00e4ra bland \u00e4gare, eftersom de minskar risken f\u00f6r uteblivna betalningar.<\/p>\n<h2>Snabbare vr\u00e4kningar av \u00abokupas\u00bb<\/h2>\n<p>I mars i \u00e5r godk\u00e4nde det spanska parlamentet ett lagf\u00f6rslag fr\u00e5n Junts som f\u00f6rkortar tidsfristen f\u00f6r att vr\u00e4ka <em>okupas<\/em> till h\u00f6gst 48 timmar. F\u00f6rslaget inneb\u00e4r \u00e4ndringar i civil- och strafflagstiftningen f\u00f6r att undvika f\u00f6rseningar p\u00e5 grund av p\u00e5st\u00e5enden om \u00abs\u00e5rbarhet\u00bb fr\u00e5n de illegala ockupanternas sida. Vid olaglig besittning av en bostad ska dessutom ett omedelbart domstolsf\u00f6rfarande till\u00e4mpas, p\u00e5 samma s\u00e4tt som f\u00f6r andra mindre brott.<\/p>\n<h2>St\u00f6rre befogenheter f\u00f6r kommunerna<\/h2>\n<p>Samma f\u00f6rordning ger borgm\u00e4starna st\u00f6rre m\u00f6jligheter att investera i projekt som inte \u00e4r kopplade till l\u00f6pande utgifter \u2013 till exempel bostadsbyggande, vattenf\u00f6rvaltning och mycket annat. Dessutom f\u00f6rl\u00e4ngs tidsfristen f\u00f6r att driva p\u00e5 digitaliseringen av faktureringsprocesser i f\u00f6retag, vilket ska f\u00f6renkla den administrativa hanteringen och \u00f6ka transparensen.<\/p>","protected":false},"excerpt":{"rendered":"<p>Nytt skydd f\u00f6r hyresv\u00e4rdar och \u00f6verenskommelser med Junts Vid\u2026<\/p>\n","protected":false},"author":34,"featured_media":1005057,"comment_status":"closed","ping_status":"closed","sticky":false,"template":"","format":"standard","meta":{"footnotes":""},"categories":[1,961],"tags":[],"class_list":["post-1005055","post","type-post","status-publish","format-standard","has-post-thumbnail","hentry","category-articles","category-taxes-and-laws"],"yoast_head":"<!-- This site is optimized with the Yoast SEO plugin v27.5 - https:\/\/yoast.com\/product\/yoast-seo-wordpress\/ -->\n<title>Spaniens regering tar fram ett dekret f\u00f6r st\u00f6d till hyresv\u00e4rdar vid uteblivna betalningar<\/title>\n<meta name=\"description\" content=\"Vad f\u00f6rslaget inneh\u00e5ller: ers\u00e4ttning vid hyresskulder, snabbare vr\u00e4knings- och medlingsprocesser, skatteincitament och statliga garantier, kriterier f\u00f6r hyresv\u00e4rdar och hyresg\u00e4ster, hur man ans\u00f6ker och n\u00e4r \u00e5tg\u00e4rderna b\u00f6rjar g\u00e4lla.\" \/>\n<meta name=\"robots\" content=\"index, follow, max-snippet:-1, max-image-preview:large, max-video-preview:-1\" \/>\n<link rel=\"canonical\" href=\"https:\/\/alegria-realestate.com\/sv\/wp-json\/wp\/v2\/posts\/1005055\" \/>\n<meta property=\"og:locale\" content=\"sv_SE\" \/>\n<meta property=\"og:type\" content=\"article\" \/>\n<meta property=\"og:title\" content=\"Spaniens regering tar fram ett dekret f\u00f6r st\u00f6d till hyresv\u00e4rdar vid uteblivna betalningar\" \/>\n<meta property=\"og:description\" content=\"Vad f\u00f6rslaget inneh\u00e5ller: ers\u00e4ttning vid hyresskulder, snabbare vr\u00e4knings- och medlingsprocesser, skatteincitament och statliga garantier, kriterier f\u00f6r hyresv\u00e4rdar och hyresg\u00e4ster, hur man ans\u00f6ker och n\u00e4r \u00e5tg\u00e4rderna b\u00f6rjar g\u00e4lla.\" \/>\n<meta property=\"og:url\" content=\"https:\/\/alegria-realestate.com\/sv\/wp-json\/wp\/v2\/posts\/1005055\" \/>\n<meta property=\"og:site_name\" content=\"Fastighet i Spanien\" \/>\n<meta property=\"article:publisher\" content=\"https:\/\/www.facebook.com\/realestate.alegria\" \/>\n<meta property=\"article:published_time\" content=\"2025-12-03T08:58:14+00:00\" \/>\n<meta property=\"article:modified_time\" content=\"2025-12-04T13:21:54+00:00\" \/>\n<meta property=\"og:image\" content=\"https:\/\/alegria-realestate.com\/wp-content\/uploads\/2025\/12\/sanchez_ocupas.jpg\" \/>\n\t<meta property=\"og:image:width\" content=\"2000\" \/>\n\t<meta property=\"og:image:height\" content=\"1333\" \/>\n\t<meta property=\"og:image:type\" content=\"image\/jpeg\" \/>\n<meta name=\"author\" content=\"Irina\" \/>\n<meta name=\"twitter:card\" content=\"summary_large_image\" \/>\n<meta name=\"twitter:creator\" content=\"@alegriarealesta\" \/>\n<meta name=\"twitter:site\" content=\"@alegriarealesta\" \/>\n<script type=\"application\/ld+json\" class=\"yoast-schema-graph\">{\"@context\":\"https:\\\/\\\/schema.org\",\"@graph\":[{\"@type\":\"Article\",\"@id\":\"https:\\\/\\\/alegria-realestate.com\\\/articles\\\/spanish-government-drafts-decree-to-support-landlords-in-cases-of-non-payment#article\",\"isPartOf\":{\"@id\":\"https:\\\/\\\/alegria-realestate.com\\\/articles\\\/spanish-government-drafts-decree-to-support-landlords-in-cases-of-non-payment\"},\"author\":{\"name\":\"Irina\",\"@id\":\"https:\\\/\\\/alegria-realestate.com\\\/#\\\/schema\\\/person\\\/d5f65cbf5d490b626f10bef994e91bde\"},\"headline\":\"Spaniens regering tar fram ett dekret f\u00f6r st\u00f6d till hyresv\u00e4rdar vid uteblivna betalningar\",\"datePublished\":\"2025-12-03T08:58:14+00:00\",\"dateModified\":\"2025-12-04T13:21:54+00:00\",\"mainEntityOfPage\":{\"@id\":\"https:\\\/\\\/alegria-realestate.com\\\/articles\\\/spanish-government-drafts-decree-to-support-landlords-in-cases-of-non-payment\"},\"wordCount\":3432,\"publisher\":{\"@id\":\"https:\\\/\\\/alegria-realestate.com\\\/#organization\"},\"image\":{\"@id\":\"https:\\\/\\\/alegria-realestate.com\\\/articles\\\/spanish-government-drafts-decree-to-support-landlords-in-cases-of-non-payment#primaryimage\"},\"thumbnailUrl\":\"https:\\\/\\\/alegria-realestate.com\\\/wp-content\\\/uploads\\\/2025\\\/12\\\/sanchez_ocupas.jpg\",\"articleSection\":[\"Blogg\",\"Skatter och lagar\"],\"inLanguage\":\"sv-SE\"},{\"@type\":\"WebPage\",\"@id\":\"https:\\\/\\\/alegria-realestate.com\\\/sv\\\/articles\\\/spanish-government-drafts-decree-to-support-landlords-in-cases-of-non-payment\",\"url\":\"https:\\\/\\\/alegria-realestate.com\\\/sv\\\/articles\\\/spanish-government-drafts-decree-to-support-landlords-in-cases-of-non-payment\",\"name\":\"Spaniens regering tar fram ett dekret f\u00f6r st\u00f6d till hyresv\u00e4rdar vid uteblivna betalningar\",\"isPartOf\":{\"@id\":\"https:\\\/\\\/alegria-realestate.com\\\/sv\\\/#website\"},\"primaryImageOfPage\":{\"@id\":\"https:\\\/\\\/alegria-realestate.com\\\/sv\\\/articles\\\/spanish-government-drafts-decree-to-support-landlords-in-cases-of-non-payment#primaryimage\"},\"image\":{\"@id\":\"https:\\\/\\\/alegria-realestate.com\\\/articles\\\/spanish-government-drafts-decree-to-support-landlords-in-cases-of-non-payment#primaryimage\"},\"thumbnailUrl\":\"https:\\\/\\\/alegria-realestate.com\\\/wp-content\\\/uploads\\\/2025\\\/12\\\/sanchez_ocupas.jpg\",\"datePublished\":\"2025-12-03T08:58:14+00:00\",\"dateModified\":\"2025-12-04T13:21:54+00:00\",\"description\":\"Vad f\u00f6rslaget inneh\u00e5ller: ers\u00e4ttning vid hyresskulder, snabbare vr\u00e4knings- och medlingsprocesser, skatteincitament och statliga garantier, kriterier f\u00f6r hyresv\u00e4rdar och hyresg\u00e4ster, hur man ans\u00f6ker och n\u00e4r \u00e5tg\u00e4rderna b\u00f6rjar g\u00e4lla.\",\"breadcrumb\":{\"@id\":\"https:\\\/\\\/alegria-realestate.com\\\/sv\\\/articles\\\/spanish-government-drafts-decree-to-support-landlords-in-cases-of-non-payment#breadcrumb\"},\"inLanguage\":\"sv-SE\",\"potentialAction\":[{\"@type\":\"ReadAction\",\"target\":[[\"https:\\\/\\\/alegria-realestate.com\\\/sv\\\/articles\\\/spanish-government-drafts-decree-to-support-landlords-in-cases-of-non-payment\"]]}]},{\"@type\":\"ImageObject\",\"inLanguage\":\"sv-SE\",\"@id\":\"https:\\\/\\\/alegria-realestate.com\\\/sv\\\/articles\\\/spanish-government-drafts-decree-to-support-landlords-in-cases-of-non-payment#primaryimage\",\"url\":\"https:\\\/\\\/alegria-realestate.com\\\/wp-content\\\/uploads\\\/2025\\\/12\\\/sanchez_ocupas.jpg\",\"contentUrl\":\"https:\\\/\\\/alegria-realestate.com\\\/wp-content\\\/uploads\\\/2025\\\/12\\\/sanchez_ocupas.jpg\",\"width\":2000,\"height\":1333},{\"@type\":\"BreadcrumbList\",\"@id\":\"https:\\\/\\\/alegria-realestate.com\\\/sv\\\/articles\\\/spanish-government-drafts-decree-to-support-landlords-in-cases-of-non-payment#breadcrumb\",\"itemListElement\":[{\"@type\":\"ListItem\",\"position\":1,\"name\":\"\u0413\u043b\u0430\u0432\u043d\u0430\u044f \u0441\u0442\u0440\u0430\u043d\u0438\u0446\u0430\",\"item\":\"https:\\\/\\\/alegria-realestate.com\\\/sv\\\/\"},{\"@type\":\"ListItem\",\"position\":2,\"name\":\"\u041f\u0440\u0430\u0432\u0438\u0442\u0435\u043b\u044c\u0441\u0442\u0432\u043e \u0418\u0441\u043f\u0430\u043d\u0438\u0438 \u043f\u043e\u0434\u0433\u043e\u0442\u043e\u0432\u0438\u043b\u043e \u0443\u043a\u0430\u0437 \u043e \u043f\u043e\u043c\u043e\u0449\u0438 \u0430\u0440\u0435\u043d\u0434\u043e\u0434\u0430\u0442\u0435\u043b\u044f\u043c \u0432 \u0441\u043b\u0443\u0447\u0430\u0435 \u043d\u0435\u043f\u043b\u0430\u0442\u0435\u0436\u0435\u0439\"}]},{\"@type\":\"WebSite\",\"@id\":\"https:\\\/\\\/alegria-realestate.com\\\/sv\\\/#website\",\"url\":\"https:\\\/\\\/alegria-realestate.com\\\/sv\\\/\",\"name\":\"Fastighet i Spanien\",\"description\":\"Fastigheter i Spanien: f\u00f6rs\u00e4ljning i alla st\u00e4der - Torrevieja, Alicante, Benidorm, etc. Vi hj\u00e4lper dig att k\u00f6pa fastigheter p\u00e5 Costa Blanca - sekund\u00e4ra bost\u00e4der, nya byggnader. Nyckelf\u00e4rdig design. Fastighet p\u00e5 Costa Blanca fr\u00e5n 80 000 \u20ac.\",\"publisher\":{\"@id\":\"https:\\\/\\\/alegria-realestate.com\\\/sv\\\/#organization\"},\"potentialAction\":[{\"@type\":\"SearchAction\",\"target\":{\"@type\":\"EntryPoint\",\"urlTemplate\":\"https:\\\/\\\/alegria-realestate.com\\\/sv\\\/?s={search_term_string}\"},\"query-input\":{\"@type\":\"PropertyValueSpecification\",\"valueRequired\":true,\"valueName\":\"search_term_string\"}}],\"inLanguage\":\"sv-SE\"},{\"@type\":\"Organization\",\"@id\":\"https:\\\/\\\/alegria-realestate.com\\\/sv\\\/#organization\",\"name\":\"Alegria Realestate\",\"url\":\"https:\\\/\\\/alegria-realestate.com\\\/sv\\\/\",\"logo\":{\"@type\":\"ImageObject\",\"inLanguage\":\"sv-SE\",\"@id\":\"https:\\\/\\\/alegria-realestate.com\\\/sv\\\/#\\\/schema\\\/logo\\\/image\\\/\",\"url\":\"https:\\\/\\\/alegria-realestate.com\\\/wp-content\\\/uploads\\\/2019\\\/08\\\/logo_alegria.png\",\"contentUrl\":\"https:\\\/\\\/alegria-realestate.com\\\/wp-content\\\/uploads\\\/2019\\\/08\\\/logo_alegria.png\",\"width\":1600,\"height\":1403,\"caption\":\"Alegria Realestate\"},\"image\":{\"@id\":\"https:\\\/\\\/alegria-realestate.com\\\/sv\\\/#\\\/schema\\\/logo\\\/image\\\/\"},\"sameAs\":[\"https:\\\/\\\/www.facebook.com\\\/realestate.alegria\",\"https:\\\/\\\/x.com\\\/alegriarealesta\",\"https:\\\/\\\/www.instagram.com\\\/alegriadom\\\/\",\"https:\\\/\\\/www.linkedin.com\\\/profile\\\/view?id=154965227\",\"https:\\\/\\\/www.youtube.com\\\/user\\\/AlegriaRealEstate\"]},{\"@type\":\"Person\",\"@id\":\"https:\\\/\\\/alegria-realestate.com\\\/#\\\/schema\\\/person\\\/d5f65cbf5d490b626f10bef994e91bde\",\"name\":\"Irina\"}]}<\/script>\n<!-- \/ Yoast SEO plugin. -->","yoast_head_json":{"title":"Spaniens regering tar fram ett dekret f\u00f6r st\u00f6d till hyresv\u00e4rdar vid uteblivna betalningar","description":"Vad f\u00f6rslaget inneh\u00e5ller: ers\u00e4ttning vid hyresskulder, snabbare vr\u00e4knings- och medlingsprocesser, skatteincitament och statliga garantier, kriterier f\u00f6r hyresv\u00e4rdar och hyresg\u00e4ster, hur man ans\u00f6ker och n\u00e4r \u00e5tg\u00e4rderna b\u00f6rjar g\u00e4lla.","robots":{"index":"index","follow":"follow","max-snippet":"max-snippet:-1","max-image-preview":"max-image-preview:large","max-video-preview":"max-video-preview:-1"},"canonical":"https:\/\/alegria-realestate.com\/sv\/wp-json\/wp\/v2\/posts\/1005055","og_locale":"sv_SE","og_type":"article","og_title":"Spaniens regering tar fram ett dekret f\u00f6r st\u00f6d till hyresv\u00e4rdar vid uteblivna betalningar","og_description":"Vad f\u00f6rslaget inneh\u00e5ller: ers\u00e4ttning vid hyresskulder, snabbare vr\u00e4knings- och medlingsprocesser, skatteincitament och statliga garantier, kriterier f\u00f6r hyresv\u00e4rdar och hyresg\u00e4ster, hur man ans\u00f6ker och n\u00e4r \u00e5tg\u00e4rderna b\u00f6rjar g\u00e4lla.","og_url":"https:\/\/alegria-realestate.com\/sv\/wp-json\/wp\/v2\/posts\/1005055","og_site_name":"Fastighet i Spanien","article_publisher":"https:\/\/www.facebook.com\/realestate.alegria","article_published_time":"2025-12-03T08:58:14+00:00","article_modified_time":"2025-12-04T13:21:54+00:00","og_image":[{"width":2000,"height":1333,"url":"https:\/\/alegria-realestate.com\/wp-content\/uploads\/2025\/12\/sanchez_ocupas.jpg","type":"image\/jpeg"}],"author":"Irina","twitter_card":"summary_large_image","twitter_creator":"@alegriarealesta","twitter_site":"@alegriarealesta","schema":{"@context":"https:\/\/schema.org","@graph":[{"@type":"Article","@id":"https:\/\/alegria-realestate.com\/articles\/spanish-government-drafts-decree-to-support-landlords-in-cases-of-non-payment#article","isPartOf":{"@id":"https:\/\/alegria-realestate.com\/articles\/spanish-government-drafts-decree-to-support-landlords-in-cases-of-non-payment"},"author":{"name":"Irina","@id":"https:\/\/alegria-realestate.com\/#\/schema\/person\/d5f65cbf5d490b626f10bef994e91bde"},"headline":"Spaniens regering tar fram ett dekret f\u00f6r st\u00f6d till hyresv\u00e4rdar vid uteblivna betalningar","datePublished":"2025-12-03T08:58:14+00:00","dateModified":"2025-12-04T13:21:54+00:00","mainEntityOfPage":{"@id":"https:\/\/alegria-realestate.com\/articles\/spanish-government-drafts-decree-to-support-landlords-in-cases-of-non-payment"},"wordCount":3432,"publisher":{"@id":"https:\/\/alegria-realestate.com\/#organization"},"image":{"@id":"https:\/\/alegria-realestate.com\/articles\/spanish-government-drafts-decree-to-support-landlords-in-cases-of-non-payment#primaryimage"},"thumbnailUrl":"https:\/\/alegria-realestate.com\/wp-content\/uploads\/2025\/12\/sanchez_ocupas.jpg","articleSection":["Blogg","Skatter och lagar"],"inLanguage":"sv-SE"},{"@type":"WebPage","@id":"https:\/\/alegria-realestate.com\/sv\/articles\/spanish-government-drafts-decree-to-support-landlords-in-cases-of-non-payment","url":"https:\/\/alegria-realestate.com\/sv\/articles\/spanish-government-drafts-decree-to-support-landlords-in-cases-of-non-payment","name":"Spaniens regering tar fram ett dekret f\u00f6r st\u00f6d till hyresv\u00e4rdar vid uteblivna betalningar","isPartOf":{"@id":"https:\/\/alegria-realestate.com\/sv\/#website"},"primaryImageOfPage":{"@id":"https:\/\/alegria-realestate.com\/sv\/articles\/spanish-government-drafts-decree-to-support-landlords-in-cases-of-non-payment#primaryimage"},"image":{"@id":"https:\/\/alegria-realestate.com\/articles\/spanish-government-drafts-decree-to-support-landlords-in-cases-of-non-payment#primaryimage"},"thumbnailUrl":"https:\/\/alegria-realestate.com\/wp-content\/uploads\/2025\/12\/sanchez_ocupas.jpg","datePublished":"2025-12-03T08:58:14+00:00","dateModified":"2025-12-04T13:21:54+00:00","description":"Vad f\u00f6rslaget inneh\u00e5ller: ers\u00e4ttning vid hyresskulder, snabbare vr\u00e4knings- och medlingsprocesser, skatteincitament och statliga garantier, kriterier f\u00f6r hyresv\u00e4rdar och hyresg\u00e4ster, hur man ans\u00f6ker och n\u00e4r \u00e5tg\u00e4rderna b\u00f6rjar g\u00e4lla.","breadcrumb":{"@id":"https:\/\/alegria-realestate.com\/sv\/articles\/spanish-government-drafts-decree-to-support-landlords-in-cases-of-non-payment#breadcrumb"},"inLanguage":"sv-SE","potentialAction":[{"@type":"ReadAction","target":[["https:\/\/alegria-realestate.com\/sv\/articles\/spanish-government-drafts-decree-to-support-landlords-in-cases-of-non-payment"]]}]},{"@type":"ImageObject","inLanguage":"sv-SE","@id":"https:\/\/alegria-realestate.com\/sv\/articles\/spanish-government-drafts-decree-to-support-landlords-in-cases-of-non-payment#primaryimage","url":"https:\/\/alegria-realestate.com\/wp-content\/uploads\/2025\/12\/sanchez_ocupas.jpg","contentUrl":"https:\/\/alegria-realestate.com\/wp-content\/uploads\/2025\/12\/sanchez_ocupas.jpg","width":2000,"height":1333},{"@type":"BreadcrumbList","@id":"https:\/\/alegria-realestate.com\/sv\/articles\/spanish-government-drafts-decree-to-support-landlords-in-cases-of-non-payment#breadcrumb","itemListElement":[{"@type":"ListItem","position":1,"name":"\u0413\u043b\u0430\u0432\u043d\u0430\u044f \u0441\u0442\u0440\u0430\u043d\u0438\u0446\u0430","item":"https:\/\/alegria-realestate.com\/sv\/"},{"@type":"ListItem","position":2,"name":"\u041f\u0440\u0430\u0432\u0438\u0442\u0435\u043b\u044c\u0441\u0442\u0432\u043e \u0418\u0441\u043f\u0430\u043d\u0438\u0438 \u043f\u043e\u0434\u0433\u043e\u0442\u043e\u0432\u0438\u043b\u043e \u0443\u043a\u0430\u0437 \u043e \u043f\u043e\u043c\u043e\u0449\u0438 \u0430\u0440\u0435\u043d\u0434\u043e\u0434\u0430\u0442\u0435\u043b\u044f\u043c \u0432 \u0441\u043b\u0443\u0447\u0430\u0435 \u043d\u0435\u043f\u043b\u0430\u0442\u0435\u0436\u0435\u0439"}]},{"@type":"WebSite","@id":"https:\/\/alegria-realestate.com\/sv\/#website","url":"https:\/\/alegria-realestate.com\/sv\/","name":"Fastighet i Spanien","description":"Fastigheter i Spanien: f\u00f6rs\u00e4ljning i alla st\u00e4der - Torrevieja, Alicante, Benidorm, etc. Vi hj\u00e4lper dig att k\u00f6pa fastigheter p\u00e5 Costa Blanca - sekund\u00e4ra bost\u00e4der, nya byggnader. Nyckelf\u00e4rdig design. Fastighet p\u00e5 Costa Blanca fr\u00e5n 80 000 \u20ac.","publisher":{"@id":"https:\/\/alegria-realestate.com\/sv\/#organization"},"potentialAction":[{"@type":"SearchAction","target":{"@type":"EntryPoint","urlTemplate":"https:\/\/alegria-realestate.com\/sv\/?s={search_term_string}"},"query-input":{"@type":"PropertyValueSpecification","valueRequired":true,"valueName":"search_term_string"}}],"inLanguage":"sv-SE"},{"@type":"Organization","@id":"https:\/\/alegria-realestate.com\/sv\/#organization","name":"Alegria Realestate","url":"https:\/\/alegria-realestate.com\/sv\/","logo":{"@type":"ImageObject","inLanguage":"sv-SE","@id":"https:\/\/alegria-realestate.com\/sv\/#\/schema\/logo\/image\/","url":"https:\/\/alegria-realestate.com\/wp-content\/uploads\/2019\/08\/logo_alegria.png","contentUrl":"https:\/\/alegria-realestate.com\/wp-content\/uploads\/2019\/08\/logo_alegria.png","width":1600,"height":1403,"caption":"Alegria Realestate"},"image":{"@id":"https:\/\/alegria-realestate.com\/sv\/#\/schema\/logo\/image\/"},"sameAs":["https:\/\/www.facebook.com\/realestate.alegria","https:\/\/x.com\/alegriarealesta","https:\/\/www.instagram.com\/alegriadom\/","https:\/\/www.linkedin.com\/profile\/view?id=154965227","https:\/\/www.youtube.com\/user\/AlegriaRealEstate"]},{"@type":"Person","@id":"https:\/\/alegria-realestate.com\/#\/schema\/person\/d5f65cbf5d490b626f10bef994e91bde","name":"Irina"}]}},"_links":{"self":[{"href":"https:\/\/alegria-realestate.com\/sv\/wp-json\/wp\/v2\/posts\/1005055","targetHints":{"allow":["GET"]}}],"collection":[{"href":"https:\/\/alegria-realestate.com\/sv\/wp-json\/wp\/v2\/posts"}],"about":[{"href":"https:\/\/alegria-realestate.com\/sv\/wp-json\/wp\/v2\/types\/post"}],"author":[{"embeddable":true,"href":"https:\/\/alegria-realestate.com\/sv\/wp-json\/wp\/v2\/users\/34"}],"replies":[{"embeddable":true,"href":"https:\/\/alegria-realestate.com\/sv\/wp-json\/wp\/v2\/comments?post=1005055"}],"version-history":[{"count":4,"href":"https:\/\/alegria-realestate.com\/sv\/wp-json\/wp\/v2\/posts\/1005055\/revisions"}],"predecessor-version":[{"id":1007298,"href":"https:\/\/alegria-realestate.com\/sv\/wp-json\/wp\/v2\/posts\/1005055\/revisions\/1007298"}],"wp:featuredmedia":[{"embeddable":true,"href":"https:\/\/alegria-realestate.com\/sv\/wp-json\/wp\/v2\/media\/1005057"}],"wp:attachment":[{"href":"https:\/\/alegria-realestate.com\/sv\/wp-json\/wp\/v2\/media?parent=1005055"}],"wp:term":[{"taxonomy":"category","embeddable":true,"href":"https:\/\/alegria-realestate.com\/sv\/wp-json\/wp\/v2\/categories?post=1005055"},{"taxonomy":"post_tag","embeddable":true,"href":"https:\/\/alegria-realestate.com\/sv\/wp-json\/wp\/v2\/tags?post=1005055"}],"curies":[{"name":"wp","href":"https:\/\/api.w.org\/{rel}","templated":true}]}}