{"id":1281619,"date":"2026-03-19T19:24:58","date_gmt":"2026-03-19T16:24:58","guid":{"rendered":"https:\/\/alegria-realestate.com\/?p=1281619"},"modified":"2026-03-19T20:09:38","modified_gmt":"2026-03-19T17:09:38","slug":"weekend-guide-costa-blanca-for-20-22-march","status":"publish","type":"post","link":"https:\/\/alegria-realestate.com\/sv\/articles\/holidays-in-spain\/weekend-guide-costa-blanca-for-20-22-march","title":{"rendered":"Evenemangsguide 20\u201322 mars i Torrevieja, Alicante och andra st\u00e4der p\u00e5 Costa Blanca"},"content":{"rendered":"<p><span style=\"font-weight: 400;\">Om vad som \u00e4r intressant i slutet av denna vecka f\u00f6r inv\u00e5nare och bes\u00f6kare i Torrevieja, liksom i de n\u00e4rmaste orterna i provinsen Alicante.<\/span><\/p>\n<h2><span style=\"font-weight: 400;\">19 MARS. Barnmusikalen \u201dLa Isla de Maui: Tributo a Vaiana\u201d<\/span><\/h2>\n<p><span style=\"font-weight: 400;\">P\u00e5 biocentret Kin\u00e9polis i Alicante kommer barnmusikalen \u201dLa Isla de Maui: Tributo a Vaiana\u201d att visas, vars premi\u00e4r \u00e4gde rum i november 2024. Ber\u00e4ttelsen handlar om Vaiana, en modig flicka och dotter till h\u00f6vdingen f\u00f6r en sj\u00f6fararstam, som ger sig ut p\u00e5 ett \u00e4ventyr \u00f6ver havet f\u00f6r att r\u00e4dda \u00f6n och uppt\u00e4cka sitt sanna \u00f6de. P\u00e5 denna resa kommer hon att f\u00e5 s\u00e4llskap av halvguden Maui, och tillsammans kommer de att m\u00f6ta sv\u00e5righeter och l\u00e4ra sig hur viktiga v\u00e4nskap, mod och bandet till naturen \u00e4r.<\/span><\/p>\n<ul>\n<li style=\"font-weight: 400;\" aria-level=\"1\"><span style=\"font-weight: 400;\">Start \u2013 kl. 17.00, biljettpris \u2013 fr\u00e5n 16 euro.<\/span><\/li>\n<\/ul>\n<h2><span style=\"font-weight: 400;\">20 MARS. Konsert med gruppen \u201d\u0411\u0435\u0437 \u043e\u0431\u043c\u0435\u0436\u0435\u043d\u044c\u201d<\/span><\/h2>\n<p><span style=\"font-weight: 400;\">P\u00e5 konsertarenan VB Spaces, som ligger i Alicante p\u00e5 Avinguda d\u00b4Elx, 186, h\u00e5lls en konsert med den ukrainska gruppen \u201d\u0411\u0435\u0437 \u043e\u0431\u043c\u0435\u0436\u0435\u043d\u044c\u201d, som g\u00f6r Europaturn\u00e9n \u201d\u0421\u0438\u043b\u044c\u043d\u0456 \u0441\u0435\u0440\u0446\u044f\u201d.<\/span><\/p>\n<ul>\n<li style=\"font-weight: 400;\" aria-level=\"1\"><span style=\"font-weight: 400;\">Start \u2013 kl. 20.00, biljettpris \u2013 49\u201355 euro.<\/span><\/li>\n<\/ul>\n<h2><span style=\"font-weight: 400;\">20 MARS. Fredagsmarknaden i Torrevieja<\/span><\/h2>\n<p><span style=\"font-weight: 400;\">Varje fredag h\u00e5lls Torreviejas gatumarknad i Parque Antonio Soria \u2013 ett av de st\u00f6rsta sm\u00e5f\u00f6retagscentrumen i Vega Baja-regionen. P\u00e5 en yta av 82 000 kvadratmeter finns upp till 700 st\u00e5nd och f\u00f6rs\u00e4ljningsplatser med livsmedel, kl\u00e4der, skor, accessoarer och andra varor till \u00f6verkomliga priser j\u00e4mf\u00f6rt med stora stormarknadskedjor. Marknaden i Torrevieja erbjuder m\u00e5nga bekv\u00e4mligheter \u2013 s\u00e5som gratis parkering, offentliga toaletter och taxistation. Var 20:e minut mellan kl. 8.00 och 14.00 avg\u00e5r en buss som \u00e4r tillg\u00e4nglig f\u00f6r personer med nedsatt r\u00f6rlighet eller rullstolsanv\u00e4ndare.<\/span><\/p>\n<ul>\n<li style=\"font-weight: 400;\" aria-level=\"1\"><span style=\"font-weight: 400;\">Fr\u00e5n fredag till s\u00f6ndag, med b\u00f6rjan kl. 19.30, \u00e4r en n\u00f6jes- och spelpark f\u00f6r alla \u00e5ldrar \u00f6ppen h\u00e4r.<\/span><\/li>\n<\/ul>\n<h2><span style=\"font-weight: 400;\">20 MARS. Festivalen \u201dM\u00fasica sin fronteras\u201d<\/span><\/h2>\n<p><span style=\"font-weight: 400;\">Fram till den 27 mars h\u00e5lls varje vecka den 19:e festivalen \u201dM\u00fasica sin fronteras\u201d (\u201dMusik utan gr\u00e4nser\u201d) i kulturcentret Ciudad Quesada i Rojales, organiserad av stadens kulturavdelning. Festivalen har etablerat sig som ett kulturellt landm\u00e4rke i provinsen Alicante tack vare sin str\u00e4van efter musikalisk kvalitet och konstn\u00e4rlig m\u00e5ngfald. I programmet deltar artister p\u00e5 nationell och internationell niv\u00e5 som erbjuder publiken verk med h\u00f6gt konstn\u00e4rligt v\u00e4rde.<\/span><\/p>\n<ul>\n<li style=\"font-weight: 400;\" aria-level=\"1\"><span style=\"font-weight: 400;\">20 mars: Al\u2019dam Connection<\/span><\/li>\n<li style=\"font-weight: 400;\" aria-level=\"1\"><span style=\"font-weight: 400;\">27 mars: Javier Colina &amp; Cucurucho Vald\u00e9s<\/span><\/li>\n<\/ul>\n<p><span style=\"font-weight: 400;\">Start \u2013 kl. 19.00, biljettpris \u2013 10 euro.<\/span><\/p>\n<h2><span style=\"font-weight: 400;\">20 MARS. Konsert \u201dLo Mejor de Ennio Morricone\u201d<\/span><\/h2>\n<p><span style=\"font-weight: 400;\">P\u00e5 Alicantes arkeologiska museum (MARQ) kommer str\u00e5kkvartetten Noor Quartet att upptr\u00e4da inom ramen f\u00f6r serien \u201dKonserter i stearinljusens sken\u201d (Candlelight), till\u00e4gnad den italienske komposit\u00f6ren och arrang\u00f6ren Ennio Morricone. Programmet inneh\u00e5ller soundtracks fr\u00e5n filmerna \u201dGudfadern\u201d, \u201dOnce Upon a Time in America\u201d, \u201dThe Mission\u201d, \u201dDe omutbara\u201d, \u201dCalifa\u201d och andra.<\/span><\/p>\n<ul>\n<li style=\"font-weight: 400;\" aria-level=\"1\"><span style=\"font-weight: 400;\">Start \u2013 kl. 20.30, biljettpris \u2013 fr\u00e5n 26 euro.<\/span><\/li>\n<\/ul>\n<h2><span style=\"font-weight: 400;\">21 MARS. Konsert till\u00e4gnad gruppen Queen<\/span><\/h2>\n<p><span style=\"font-weight: 400;\">Dagen d\u00e4rp\u00e5 upptr\u00e4der Noor Quartet \u00e5terigen p\u00e5 Alicantes arkeologiska museum (MARQ), denna g\u00e5ng med ett program till\u00e4gnat gruppen Queen. I deras tolkning kommer f\u00f6ljande v\u00e4rldsk\u00e4nda hits av det ber\u00f6mda brittiska bandet med Freddie Mercury i spetsen att framf\u00f6ras: I Want to Break Free, We Will Rock You, Somebody to Love, Radio Ga Ga, Don&#8217;t Stop Me Now, Killer Queen, Crazy Little Thing Called Love, Who Wants to Live Forever, Bohemian Rhapsody, Love of My Life, We Are the Champions, Another One Bites the Dust.<\/span><\/p>\n<ul>\n<li style=\"font-weight: 400;\" aria-level=\"1\"><span style=\"font-weight: 400;\">Start \u2013 kl. 18.30 och 20.30, biljettpris \u2013 fr\u00e5n 29 euro.<\/span><\/li>\n<\/ul>\n<h2><span style=\"font-weight: 400;\">21 MARS. Barnf\u00f6rest\u00e4llning \u201dRobin Hood\u201d<\/span><\/h2>\n<p><span style=\"font-weight: 400;\">Teatro Principal i Alicante har \u00e5terupptagit serien med engelskspr\u00e5kiga f\u00f6rest\u00e4llningar \u201dKids &amp; Stories\u201d f\u00f6r barn i \u00e5ldrarna 3 till 10 \u00e5r. Den h\u00e4r g\u00e5ngen kommer de sm\u00e5 \u00e5sk\u00e5darna att kunna se f\u00f6rest\u00e4llningen \u201dRobin Hood\u201d i teaterns foaj\u00e9.<\/span><\/p>\n<ul>\n<li style=\"font-weight: 400;\" aria-level=\"1\"><span style=\"font-weight: 400;\">Start \u2013 kl. 12.00, biljettpris \u2013 5 euro.<\/span><\/li>\n<\/ul>\n<h2><span style=\"font-weight: 400;\">21 MARS. Pj\u00e4sen \u201dLas amistades peligrosas\u201d<\/span><\/h2>\n<p><span style=\"font-weight: 400;\">Samma dag s\u00e4tts pj\u00e4sen \u201dLas amistades peligrosas\u201d (\u201dFarliga f\u00f6rbindelser\u201d) upp p\u00e5 Teatro Principal i Alicante, baserad p\u00e5 Christopher Hamptons pj\u00e4s efter romanen av Pierre Choderlos de Laclos. Trots att pj\u00e4sen skrevs 1782 ber\u00f6r den moderna teman \u2013 s\u00e4rskilt maktmissbruk och korruption som g\u00f6r det m\u00f6jligt att k\u00f6pa n\u00e4stan allt f\u00f6r pengar. Genom personer utan moraliska begr\u00e4nsningar, j\u00e4mf\u00f6rbara med gestalter fr\u00e5n senare tiders skandaler, visas hur eliten straffritt manipulerar utsatta m\u00e4nniskor. Historien f\u00f6rblir aktuell genom att avsl\u00f6ja hur k\u00e4rlek och sex anv\u00e4nds som kraftfulla vapen.<\/span><\/p>\n<ul>\n<li style=\"font-weight: 400;\" aria-level=\"1\"><span style=\"font-weight: 400;\">Start \u2013 kl. 19.00, biljettpris \u2013 12, 18 och 25 euro.<\/span><\/li>\n<\/ul>\n<h2><span style=\"font-weight: 400;\">21 MARS. Dani Mart\u00ednez show<\/span><\/h2>\n<p><span style=\"font-weight: 400;\">I konserthallen ADDA i Alicante h\u00e5lls en show med tv-programledaren, sk\u00e5despelaren, imitat\u00f6ren och komikern Dani Mart\u00ednez. Han kommer att presentera sitt nya program \u201dRemember\u201d, d\u00e4r musik och improvisation kombineras. Redan i tidig \u00e5lder visade Mart\u00ednez talang f\u00f6r sk\u00e5despeleri och imitation och kunde h\u00e4rma mer \u00e4n 200 olika r\u00f6ster. \u00c5r 2011 tilldelades han priset \u201dSilverantennen\u201d \u2013 ett erk\u00e4nnande som understryker hans bidrag till Spaniens tv-industri.<\/span><span style=\"font-weight: 400;\"><br \/>\n<\/span><span style=\"font-weight: 400;\"> I denna show g\u00f6r Dani en tidsresa fr\u00e5n \u00e5r 2050 till nutiden f\u00f6r att tala med publiken, dela tankar om de f\u00f6r\u00e4ndringar som har skett och lyfta fram \u00f6gonblick som inte b\u00f6r gl\u00f6mmas n\u00e4r man blickar mot framtiden.<\/span><\/p>\n<ul>\n<li style=\"font-weight: 400;\" aria-level=\"1\"><span style=\"font-weight: 400;\">Start \u2013 kl. 20.00, biljettpris \u2013 fr\u00e5n 24 euro.<\/span><\/li>\n<\/ul>\n<h2><span style=\"font-weight: 400;\">21\u201322 MARS. Teatraliska rundturer \u201dTorrevieja och jordb\u00e4vningen 1829\u201d<\/span><\/h2>\n<p><span style=\"font-weight: 400;\">Kulturf\u00f6reningen Ars Creatio fr\u00e5n Torrevieja presenterar en ny version av sina historiska teatraliska rundvandringar, till\u00e4gnade Torreviejas historia under f\u00f6rsta h\u00e4lften av 1800-talet \u2013 s\u00e4rskilt jordb\u00e4vningen den 21 mars 1829.<\/span><span style=\"font-weight: 400;\"><br \/>\n<\/span><span style=\"font-weight: 400;\"> Evenemanget rekommenderas f\u00f6r personer \u00f6ver 12 \u00e5r och kommer att genomf\u00f6ras helt p\u00e5 spanska, med en kombination av historia, teater och stadspromenad f\u00f6r att p\u00e5 ett engagerande s\u00e4tt introducera deltagarna till h\u00e4ndelserna, samh\u00e4llet och vardagslivet i Torrevieja under denna historiska period.<\/span><\/p>\n<p><span style=\"font-weight: 400;\">Anm\u00e4lan sker via l\u00e4nkarna:<\/span><\/p>\n<ul>\n<li style=\"font-weight: 400;\" aria-level=\"1\"><a href=\"https:\/\/www.inscribirme.com\/1829torreviejatiembla4\"><span style=\"font-weight: 400;\">https:\/\/www.inscribirme.com\/1829torreviejatiembla4<\/span><\/a><span style=\"font-weight: 400;\"> (l\u00f6rdag)<\/span><\/li>\n<li style=\"font-weight: 400;\" aria-level=\"1\"><a href=\"https:\/\/www.inscribirme.com\/1829torreviejatiembla3\"><span style=\"font-weight: 400;\">https:\/\/www.inscribirme.com\/1829torreviejatiembla3<\/span><\/a><span style=\"font-weight: 400;\"> (s\u00f6ndag)<\/span><\/li>\n<\/ul>\n<p><span style=\"font-weight: 400;\">Start \u2013 kl. 11.00, samlingsplats \u2013 Plaza de la Constituci\u00f3n.<\/span><\/p>\n<h2><span style=\"font-weight: 400;\">22 MARS. Pj\u00e4sen \u201dParejas imperfectas\u201d<\/span><\/h2>\n<p><span style=\"font-weight: 400;\">P\u00e5 Teatro Principal i Alicante spelas pj\u00e4sen \u201dParejas imperfectas\u201d (\u201dOfullkomliga par\u201d). Edu, en arbetsl\u00f6s l\u00e5ngtradarchauff\u00f6r, och Ana, hans f\u00f6re detta fru, m\u00f6ts igen efter att hon blivit f\u00f6rlamad till f\u00f6ljd av en olycka. Juan, en doktorand med cerebral pares, anst\u00e4ller Yanis, en universitetsstudent och dotter till serbokroatiska invandrare som har ekonomiska sv\u00e5righeter, som sin assistent. Deras exempel f\u00e5r publiken att ompr\u00f6va synen p\u00e5 personer med fysiska begr\u00e4nsningar och hur social status, ras, nationalitet eller ekonomisk situation kan skapa ett avst\u00e5nd mellan m\u00e4nniskor.<\/span><\/p>\n<ul>\n<li style=\"font-weight: 400;\" aria-level=\"1\"><span style=\"font-weight: 400;\">Start \u2013 kl. 18.00, biljettpris \u2013 12, 18 och 25 euro.<\/span><\/li>\n<\/ul>\n<h2><span style=\"font-weight: 400;\">22 MARS. Pj\u00e4sen \u201dM\u00fasica para Hitler\u201d<\/span><\/h2>\n<p><span style=\"font-weight: 400;\">P\u00e5 Torreviejas kommunteater kommer pj\u00e4sen \u201dM\u00fasica para Hitler\u201d (\u201dMusik f\u00f6r Hitler\u201d) att visas. Efter det spanska inb\u00f6rdeskriget tvingades den katalanske cellisten, dirigenten och komposit\u00f6ren Pau Casals emigrera till s\u00f6dra Frankrike. \u00c5r 1943, under den tyska ockupationen, fick han en inbjudan att spela inf\u00f6r Hitler. Casals visste att ett avslag kunde f\u00e5 fruktansv\u00e4rda konsekvenser f\u00f6r honom&#8230;<\/span><\/p>\n<ul>\n<li style=\"font-weight: 400;\" aria-level=\"1\"><span style=\"font-weight: 400;\">Start \u2013 kl. 20.00, biljettpris \u2013 fr\u00e5n 16 euro.<\/span><\/li>\n<\/ul>\n<p>&nbsp;<\/p>","protected":false},"excerpt":{"rendered":"<p>Om vad som \u00e4r intressant i slutet av denna\u2026<\/p>\n","protected":false},"author":34,"featured_media":1281690,"comment_status":"closed","ping_status":"closed","sticky":false,"template":"","format":"standard","meta":{"footnotes":""},"categories":[955,74],"tags":[],"class_list":["post-1281619","post","type-post","status-publish","format-standard","has-post-thumbnail","hentry","category-holidays-in-spain","category-life-in-spain"],"yoast_head":"<!-- This site is optimized with the Yoast SEO plugin v27.4 - https:\/\/yoast.com\/product\/yoast-seo-wordpress\/ -->\n<title>Evenemangsguide 20\u201322 mars i Torrevieja, Alicante och andra st\u00e4der p\u00e5 Costa Blanca<\/title>\n<meta name=\"description\" content=\"En sammanst\u00e4llning av helgens viktigaste evenemang i Torrevieja, Alicante och andra orter p\u00e5 Costa Blanca den 20\u201322 mars.\" \/>\n<meta name=\"robots\" content=\"index, follow, max-snippet:-1, max-image-preview:large, max-video-preview:-1\" \/>\n<link rel=\"canonical\" href=\"https:\/\/alegria-realestate.com\/sv\/wp-json\/wp\/v2\/posts\/1281619\" \/>\n<meta property=\"og:locale\" content=\"sv_SE\" \/>\n<meta property=\"og:type\" content=\"article\" \/>\n<meta property=\"og:title\" content=\"Evenemangsguide 20\u201322 mars i Torrevieja, Alicante och andra st\u00e4der p\u00e5 Costa Blanca\" \/>\n<meta property=\"og:description\" content=\"En sammanst\u00e4llning av helgens viktigaste evenemang i Torrevieja, Alicante och andra orter p\u00e5 Costa Blanca den 20\u201322 mars.\" \/>\n<meta property=\"og:url\" content=\"https:\/\/alegria-realestate.com\/sv\/wp-json\/wp\/v2\/posts\/1281619\" \/>\n<meta property=\"og:site_name\" content=\"Fastighet i Spanien\" \/>\n<meta property=\"article:publisher\" content=\"https:\/\/www.facebook.com\/realestate.alegria\" \/>\n<meta property=\"article:published_time\" content=\"2026-03-19T16:24:58+00:00\" \/>\n<meta property=\"article:modified_time\" content=\"2026-03-19T17:09:38+00:00\" \/>\n<meta property=\"og:image\" content=\"https:\/\/alegria-realestate.com\/wp-content\/uploads\/2026\/03\/afisha_20-22-03_26.png\" \/>\n\t<meta property=\"og:image:width\" content=\"1536\" \/>\n\t<meta property=\"og:image:height\" content=\"1024\" \/>\n\t<meta property=\"og:image:type\" content=\"image\/png\" \/>\n<meta name=\"author\" content=\"Irina\" \/>\n<meta name=\"twitter:card\" content=\"summary_large_image\" \/>\n<meta name=\"twitter:creator\" content=\"@alegriarealesta\" \/>\n<meta name=\"twitter:site\" content=\"@alegriarealesta\" \/>\n<script type=\"application\/ld+json\" class=\"yoast-schema-graph\">{\"@context\":\"https:\\\/\\\/schema.org\",\"@graph\":[{\"@type\":\"Article\",\"@id\":\"https:\\\/\\\/alegria-realestate.com\\\/articles\\\/holidays-in-spain\\\/weekend-guide-costa-blanca-for-20-22-march#article\",\"isPartOf\":{\"@id\":\"https:\\\/\\\/alegria-realestate.com\\\/articles\\\/holidays-in-spain\\\/weekend-guide-costa-blanca-for-20-22-march\"},\"author\":{\"name\":\"Irina\",\"@id\":\"https:\\\/\\\/alegria-realestate.com\\\/#\\\/schema\\\/person\\\/d5f65cbf5d490b626f10bef994e91bde\"},\"headline\":\"Evenemangsguide 20\u201322 mars i Torrevieja, Alicante och andra st\u00e4der p\u00e5 Costa Blanca\",\"datePublished\":\"2026-03-19T16:24:58+00:00\",\"dateModified\":\"2026-03-19T17:09:38+00:00\",\"mainEntityOfPage\":{\"@id\":\"https:\\\/\\\/alegria-realestate.com\\\/articles\\\/holidays-in-spain\\\/weekend-guide-costa-blanca-for-20-22-march\"},\"wordCount\":12875,\"publisher\":{\"@id\":\"https:\\\/\\\/alegria-realestate.com\\\/#organization\"},\"image\":{\"@id\":\"https:\\\/\\\/alegria-realestate.com\\\/articles\\\/holidays-in-spain\\\/weekend-guide-costa-blanca-for-20-22-march#primaryimage\"},\"thumbnailUrl\":\"https:\\\/\\\/alegria-realestate.com\\\/wp-content\\\/uploads\\\/2026\\\/03\\\/afisha_20-22-03_26.png\",\"articleSection\":[\"Fritid, turism, underh\u00e5llning, h\u00f6gtider\",\"Livet i Spanien\"],\"inLanguage\":\"sv-SE\"},{\"@type\":\"WebPage\",\"@id\":\"https:\\\/\\\/alegria-realestate.com\\\/sv\\\/articles\\\/holidays-in-spain\\\/weekend-guide-costa-blanca-for-20-22-march\",\"url\":\"https:\\\/\\\/alegria-realestate.com\\\/sv\\\/articles\\\/holidays-in-spain\\\/weekend-guide-costa-blanca-for-20-22-march\",\"name\":\"Evenemangsguide 20\u201322 mars i Torrevieja, Alicante och andra st\u00e4der p\u00e5 Costa Blanca\",\"isPartOf\":{\"@id\":\"https:\\\/\\\/alegria-realestate.com\\\/sv\\\/#website\"},\"primaryImageOfPage\":{\"@id\":\"https:\\\/\\\/alegria-realestate.com\\\/sv\\\/articles\\\/holidays-in-spain\\\/weekend-guide-costa-blanca-for-20-22-march#primaryimage\"},\"image\":{\"@id\":\"https:\\\/\\\/alegria-realestate.com\\\/articles\\\/holidays-in-spain\\\/weekend-guide-costa-blanca-for-20-22-march#primaryimage\"},\"thumbnailUrl\":\"https:\\\/\\\/alegria-realestate.com\\\/wp-content\\\/uploads\\\/2026\\\/03\\\/afisha_20-22-03_26.png\",\"datePublished\":\"2026-03-19T16:24:58+00:00\",\"dateModified\":\"2026-03-19T17:09:38+00:00\",\"description\":\"En sammanst\u00e4llning av helgens viktigaste evenemang i Torrevieja, Alicante och andra orter p\u00e5 Costa Blanca den 20\u201322 mars.\",\"breadcrumb\":{\"@id\":\"https:\\\/\\\/alegria-realestate.com\\\/sv\\\/articles\\\/holidays-in-spain\\\/weekend-guide-costa-blanca-for-20-22-march#breadcrumb\"},\"inLanguage\":\"sv-SE\",\"potentialAction\":[{\"@type\":\"ReadAction\",\"target\":[[\"https:\\\/\\\/alegria-realestate.com\\\/sv\\\/articles\\\/holidays-in-spain\\\/weekend-guide-costa-blanca-for-20-22-march\"]]}]},{\"@type\":\"ImageObject\",\"inLanguage\":\"sv-SE\",\"@id\":\"https:\\\/\\\/alegria-realestate.com\\\/sv\\\/articles\\\/holidays-in-spain\\\/weekend-guide-costa-blanca-for-20-22-march#primaryimage\",\"url\":\"https:\\\/\\\/alegria-realestate.com\\\/wp-content\\\/uploads\\\/2026\\\/03\\\/afisha_20-22-03_26.png\",\"contentUrl\":\"https:\\\/\\\/alegria-realestate.com\\\/wp-content\\\/uploads\\\/2026\\\/03\\\/afisha_20-22-03_26.png\",\"width\":1536,\"height\":1024},{\"@type\":\"BreadcrumbList\",\"@id\":\"https:\\\/\\\/alegria-realestate.com\\\/sv\\\/articles\\\/holidays-in-spain\\\/weekend-guide-costa-blanca-for-20-22-march#breadcrumb\",\"itemListElement\":[{\"@type\":\"ListItem\",\"position\":1,\"name\":\"\u0413\u043b\u0430\u0432\u043d\u0430\u044f \u0441\u0442\u0440\u0430\u043d\u0438\u0446\u0430\",\"item\":\"https:\\\/\\\/alegria-realestate.com\\\/sv\\\/\"},{\"@type\":\"ListItem\",\"position\":2,\"name\":\"\u041f\u043b\u0430\u043d\u044b \u043d\u0430 \u0432\u044b\u0445\u043e\u0434\u043d\u044b\u0435: \u0430\u0444\u0438\u0448\u0430 \u0441\u043e\u0431\u044b\u0442\u0438\u0439 20-22 \u043c\u0430\u0440\u0442\u0430 \u0432 \u0422\u043e\u0440\u0440\u0435\u0432\u044c\u0435\u0445\u0435 \u0438 \u043e\u043a\u0440\u0435\u0441\u0442\u043d\u043e\u0441\u0442\u044f\u0445\"}]},{\"@type\":\"WebSite\",\"@id\":\"https:\\\/\\\/alegria-realestate.com\\\/sv\\\/#website\",\"url\":\"https:\\\/\\\/alegria-realestate.com\\\/sv\\\/\",\"name\":\"Fastighet i Spanien\",\"description\":\"Fastigheter i Spanien: f\u00f6rs\u00e4ljning i alla st\u00e4der - Torrevieja, Alicante, Benidorm, etc. Vi hj\u00e4lper dig att k\u00f6pa fastigheter p\u00e5 Costa Blanca - sekund\u00e4ra bost\u00e4der, nya byggnader. Nyckelf\u00e4rdig design. Fastighet p\u00e5 Costa Blanca fr\u00e5n 80 000 \u20ac.\",\"publisher\":{\"@id\":\"https:\\\/\\\/alegria-realestate.com\\\/sv\\\/#organization\"},\"potentialAction\":[{\"@type\":\"SearchAction\",\"target\":{\"@type\":\"EntryPoint\",\"urlTemplate\":\"https:\\\/\\\/alegria-realestate.com\\\/sv\\\/?s={search_term_string}\"},\"query-input\":{\"@type\":\"PropertyValueSpecification\",\"valueRequired\":true,\"valueName\":\"search_term_string\"}}],\"inLanguage\":\"sv-SE\"},{\"@type\":\"Organization\",\"@id\":\"https:\\\/\\\/alegria-realestate.com\\\/sv\\\/#organization\",\"name\":\"Alegria Realestate\",\"url\":\"https:\\\/\\\/alegria-realestate.com\\\/sv\\\/\",\"logo\":{\"@type\":\"ImageObject\",\"inLanguage\":\"sv-SE\",\"@id\":\"https:\\\/\\\/alegria-realestate.com\\\/sv\\\/#\\\/schema\\\/logo\\\/image\\\/\",\"url\":\"https:\\\/\\\/alegria-realestate.com\\\/wp-content\\\/uploads\\\/2019\\\/08\\\/logo_alegria.png\",\"contentUrl\":\"https:\\\/\\\/alegria-realestate.com\\\/wp-content\\\/uploads\\\/2019\\\/08\\\/logo_alegria.png\",\"width\":1600,\"height\":1403,\"caption\":\"Alegria Realestate\"},\"image\":{\"@id\":\"https:\\\/\\\/alegria-realestate.com\\\/sv\\\/#\\\/schema\\\/logo\\\/image\\\/\"},\"sameAs\":[\"https:\\\/\\\/www.facebook.com\\\/realestate.alegria\",\"https:\\\/\\\/x.com\\\/alegriarealesta\",\"https:\\\/\\\/www.instagram.com\\\/alegriadom\\\/\",\"https:\\\/\\\/www.linkedin.com\\\/profile\\\/view?id=154965227\",\"https:\\\/\\\/www.youtube.com\\\/user\\\/AlegriaRealEstate\"]},{\"@type\":\"Person\",\"@id\":\"https:\\\/\\\/alegria-realestate.com\\\/#\\\/schema\\\/person\\\/d5f65cbf5d490b626f10bef994e91bde\",\"name\":\"Irina\"}]}<\/script>\n<!-- \/ Yoast SEO plugin. -->","yoast_head_json":{"title":"Evenemangsguide 20\u201322 mars i Torrevieja, Alicante och andra st\u00e4der p\u00e5 Costa Blanca","description":"En sammanst\u00e4llning av helgens viktigaste evenemang i Torrevieja, Alicante och andra orter p\u00e5 Costa Blanca den 20\u201322 mars.","robots":{"index":"index","follow":"follow","max-snippet":"max-snippet:-1","max-image-preview":"max-image-preview:large","max-video-preview":"max-video-preview:-1"},"canonical":"https:\/\/alegria-realestate.com\/sv\/wp-json\/wp\/v2\/posts\/1281619","og_locale":"sv_SE","og_type":"article","og_title":"Evenemangsguide 20\u201322 mars i Torrevieja, Alicante och andra st\u00e4der p\u00e5 Costa Blanca","og_description":"En sammanst\u00e4llning av helgens viktigaste evenemang i Torrevieja, Alicante och andra orter p\u00e5 Costa Blanca den 20\u201322 mars.","og_url":"https:\/\/alegria-realestate.com\/sv\/wp-json\/wp\/v2\/posts\/1281619","og_site_name":"Fastighet i Spanien","article_publisher":"https:\/\/www.facebook.com\/realestate.alegria","article_published_time":"2026-03-19T16:24:58+00:00","article_modified_time":"2026-03-19T17:09:38+00:00","og_image":[{"width":1536,"height":1024,"url":"https:\/\/alegria-realestate.com\/wp-content\/uploads\/2026\/03\/afisha_20-22-03_26.png","type":"image\/png"}],"author":"Irina","twitter_card":"summary_large_image","twitter_creator":"@alegriarealesta","twitter_site":"@alegriarealesta","schema":{"@context":"https:\/\/schema.org","@graph":[{"@type":"Article","@id":"https:\/\/alegria-realestate.com\/articles\/holidays-in-spain\/weekend-guide-costa-blanca-for-20-22-march#article","isPartOf":{"@id":"https:\/\/alegria-realestate.com\/articles\/holidays-in-spain\/weekend-guide-costa-blanca-for-20-22-march"},"author":{"name":"Irina","@id":"https:\/\/alegria-realestate.com\/#\/schema\/person\/d5f65cbf5d490b626f10bef994e91bde"},"headline":"Evenemangsguide 20\u201322 mars i Torrevieja, Alicante och andra st\u00e4der p\u00e5 Costa Blanca","datePublished":"2026-03-19T16:24:58+00:00","dateModified":"2026-03-19T17:09:38+00:00","mainEntityOfPage":{"@id":"https:\/\/alegria-realestate.com\/articles\/holidays-in-spain\/weekend-guide-costa-blanca-for-20-22-march"},"wordCount":12875,"publisher":{"@id":"https:\/\/alegria-realestate.com\/#organization"},"image":{"@id":"https:\/\/alegria-realestate.com\/articles\/holidays-in-spain\/weekend-guide-costa-blanca-for-20-22-march#primaryimage"},"thumbnailUrl":"https:\/\/alegria-realestate.com\/wp-content\/uploads\/2026\/03\/afisha_20-22-03_26.png","articleSection":["Fritid, turism, underh\u00e5llning, h\u00f6gtider","Livet i Spanien"],"inLanguage":"sv-SE"},{"@type":"WebPage","@id":"https:\/\/alegria-realestate.com\/sv\/articles\/holidays-in-spain\/weekend-guide-costa-blanca-for-20-22-march","url":"https:\/\/alegria-realestate.com\/sv\/articles\/holidays-in-spain\/weekend-guide-costa-blanca-for-20-22-march","name":"Evenemangsguide 20\u201322 mars i Torrevieja, Alicante och andra st\u00e4der p\u00e5 Costa Blanca","isPartOf":{"@id":"https:\/\/alegria-realestate.com\/sv\/#website"},"primaryImageOfPage":{"@id":"https:\/\/alegria-realestate.com\/sv\/articles\/holidays-in-spain\/weekend-guide-costa-blanca-for-20-22-march#primaryimage"},"image":{"@id":"https:\/\/alegria-realestate.com\/articles\/holidays-in-spain\/weekend-guide-costa-blanca-for-20-22-march#primaryimage"},"thumbnailUrl":"https:\/\/alegria-realestate.com\/wp-content\/uploads\/2026\/03\/afisha_20-22-03_26.png","datePublished":"2026-03-19T16:24:58+00:00","dateModified":"2026-03-19T17:09:38+00:00","description":"En sammanst\u00e4llning av helgens viktigaste evenemang i Torrevieja, Alicante och andra orter p\u00e5 Costa Blanca den 20\u201322 mars.","breadcrumb":{"@id":"https:\/\/alegria-realestate.com\/sv\/articles\/holidays-in-spain\/weekend-guide-costa-blanca-for-20-22-march#breadcrumb"},"inLanguage":"sv-SE","potentialAction":[{"@type":"ReadAction","target":[["https:\/\/alegria-realestate.com\/sv\/articles\/holidays-in-spain\/weekend-guide-costa-blanca-for-20-22-march"]]}]},{"@type":"ImageObject","inLanguage":"sv-SE","@id":"https:\/\/alegria-realestate.com\/sv\/articles\/holidays-in-spain\/weekend-guide-costa-blanca-for-20-22-march#primaryimage","url":"https:\/\/alegria-realestate.com\/wp-content\/uploads\/2026\/03\/afisha_20-22-03_26.png","contentUrl":"https:\/\/alegria-realestate.com\/wp-content\/uploads\/2026\/03\/afisha_20-22-03_26.png","width":1536,"height":1024},{"@type":"BreadcrumbList","@id":"https:\/\/alegria-realestate.com\/sv\/articles\/holidays-in-spain\/weekend-guide-costa-blanca-for-20-22-march#breadcrumb","itemListElement":[{"@type":"ListItem","position":1,"name":"\u0413\u043b\u0430\u0432\u043d\u0430\u044f \u0441\u0442\u0440\u0430\u043d\u0438\u0446\u0430","item":"https:\/\/alegria-realestate.com\/sv\/"},{"@type":"ListItem","position":2,"name":"\u041f\u043b\u0430\u043d\u044b \u043d\u0430 \u0432\u044b\u0445\u043e\u0434\u043d\u044b\u0435: \u0430\u0444\u0438\u0448\u0430 \u0441\u043e\u0431\u044b\u0442\u0438\u0439 20-22 \u043c\u0430\u0440\u0442\u0430 \u0432 \u0422\u043e\u0440\u0440\u0435\u0432\u044c\u0435\u0445\u0435 \u0438 \u043e\u043a\u0440\u0435\u0441\u0442\u043d\u043e\u0441\u0442\u044f\u0445"}]},{"@type":"WebSite","@id":"https:\/\/alegria-realestate.com\/sv\/#website","url":"https:\/\/alegria-realestate.com\/sv\/","name":"Fastighet i Spanien","description":"Fastigheter i Spanien: f\u00f6rs\u00e4ljning i alla st\u00e4der - Torrevieja, Alicante, Benidorm, etc. Vi hj\u00e4lper dig att k\u00f6pa fastigheter p\u00e5 Costa Blanca - sekund\u00e4ra bost\u00e4der, nya byggnader. Nyckelf\u00e4rdig design. Fastighet p\u00e5 Costa Blanca fr\u00e5n 80 000 \u20ac.","publisher":{"@id":"https:\/\/alegria-realestate.com\/sv\/#organization"},"potentialAction":[{"@type":"SearchAction","target":{"@type":"EntryPoint","urlTemplate":"https:\/\/alegria-realestate.com\/sv\/?s={search_term_string}"},"query-input":{"@type":"PropertyValueSpecification","valueRequired":true,"valueName":"search_term_string"}}],"inLanguage":"sv-SE"},{"@type":"Organization","@id":"https:\/\/alegria-realestate.com\/sv\/#organization","name":"Alegria Realestate","url":"https:\/\/alegria-realestate.com\/sv\/","logo":{"@type":"ImageObject","inLanguage":"sv-SE","@id":"https:\/\/alegria-realestate.com\/sv\/#\/schema\/logo\/image\/","url":"https:\/\/alegria-realestate.com\/wp-content\/uploads\/2019\/08\/logo_alegria.png","contentUrl":"https:\/\/alegria-realestate.com\/wp-content\/uploads\/2019\/08\/logo_alegria.png","width":1600,"height":1403,"caption":"Alegria Realestate"},"image":{"@id":"https:\/\/alegria-realestate.com\/sv\/#\/schema\/logo\/image\/"},"sameAs":["https:\/\/www.facebook.com\/realestate.alegria","https:\/\/x.com\/alegriarealesta","https:\/\/www.instagram.com\/alegriadom\/","https:\/\/www.linkedin.com\/profile\/view?id=154965227","https:\/\/www.youtube.com\/user\/AlegriaRealEstate"]},{"@type":"Person","@id":"https:\/\/alegria-realestate.com\/#\/schema\/person\/d5f65cbf5d490b626f10bef994e91bde","name":"Irina"}]}},"_links":{"self":[{"href":"https:\/\/alegria-realestate.com\/sv\/wp-json\/wp\/v2\/posts\/1281619","targetHints":{"allow":["GET"]}}],"collection":[{"href":"https:\/\/alegria-realestate.com\/sv\/wp-json\/wp\/v2\/posts"}],"about":[{"href":"https:\/\/alegria-realestate.com\/sv\/wp-json\/wp\/v2\/types\/post"}],"author":[{"embeddable":true,"href":"https:\/\/alegria-realestate.com\/sv\/wp-json\/wp\/v2\/users\/34"}],"replies":[{"embeddable":true,"href":"https:\/\/alegria-realestate.com\/sv\/wp-json\/wp\/v2\/comments?post=1281619"}],"version-history":[{"count":2,"href":"https:\/\/alegria-realestate.com\/sv\/wp-json\/wp\/v2\/posts\/1281619\/revisions"}],"predecessor-version":[{"id":1281704,"href":"https:\/\/alegria-realestate.com\/sv\/wp-json\/wp\/v2\/posts\/1281619\/revisions\/1281704"}],"wp:featuredmedia":[{"embeddable":true,"href":"https:\/\/alegria-realestate.com\/sv\/wp-json\/wp\/v2\/media\/1281690"}],"wp:attachment":[{"href":"https:\/\/alegria-realestate.com\/sv\/wp-json\/wp\/v2\/media?parent=1281619"}],"wp:term":[{"taxonomy":"category","embeddable":true,"href":"https:\/\/alegria-realestate.com\/sv\/wp-json\/wp\/v2\/categories?post=1281619"},{"taxonomy":"post_tag","embeddable":true,"href":"https:\/\/alegria-realestate.com\/sv\/wp-json\/wp\/v2\/tags?post=1281619"}],"curies":[{"name":"wp","href":"https:\/\/api.w.org\/{rel}","templated":true}]}}