{"id":551624,"date":"2026-03-13T17:55:41","date_gmt":"2026-03-13T14:55:41","guid":{"rendered":"https:\/\/alegria-realestate.com\/?p=551624"},"modified":"2026-03-18T23:40:07","modified_gmt":"2026-03-18T20:40:07","slug":"fallas-in-valencia","status":"publish","type":"post","link":"https:\/\/alegria-realestate.com\/sv\/articles\/fallas-in-valencia","title":{"rendered":"Las Fallas \u2013 Valencias st\u00f6rsta festival: program 2026"},"content":{"rendered":"<p><span style=\"font-weight: 400;\">Fallas \u00e4r Valencias mest k\u00e4nda festival, erk\u00e4nd av UNESCO som m\u00e4nsklighetens immateriella kulturarv. Dess fr\u00e4msta symbol \u00e4r enorma tillf\u00e4lliga skulpturala monument av tr\u00e4 och papier-mach\u00e9 (Fallas), som st\u00e4lls upp p\u00e5 gator och torg f\u00f6r att beundras\u2026 fram till den avslutande rituella br\u00e4nningen. Vid sidan av de \u201cstora\u201d monumenten finns ocks\u00e5 barnens fallas (Fallas infantiles): de \u00e4r mindre till storleken och riktar sig till en barnpublik.<\/span><\/p>\n<h2><span style=\"font-weight: 400;\">N\u00e4r Fallas \u00e4ger rum<\/span><\/h2>\n<p><span style=\"font-weight: 400;\">Festivalen firas traditionellt i mars. Ursprungligen f\u00f6rknippas den med v\u00e5rens ritualer d\u00e4r gamla saker br\u00e4ndes och med Sankt Josefs dag (San Jos\u00e9) \u2013 snickarnas skyddshelgon.<\/span><\/p>\n<p><span style=\"font-weight: 400;\">I dagens Valencia b\u00f6rjar den festliga \u201cuppv\u00e4rmningen\u201d i f\u00f6rv\u00e4g: fr\u00e5n slutet av februari h\u00f6rs de f\u00f6rsta uppmaningarna till fest, och fr\u00e5n den 1 mars g\u00e5r staden in i den dagliga rytmen av pyroteknik \u2013 masclet\u00e0 (Masclet\u00e0) i centrum och salvor i stadsdelarna.<\/span><\/p>\n<h2><span style=\"font-weight: 400;\">Festivalens viktigaste inslag<\/span><\/h2>\n<h3><span style=\"font-weight: 400;\">Fallas och ninots<\/span><\/h3>\n<p><span style=\"font-weight: 400;\">Hundratals fallas-kompositioner s\u00e4tts upp \u00f6ver hela staden. Processen kallas plant\u00e0. Var och en har vanligtvis ett tema och best\u00e5r av m\u00e5nga separata skulpturala scener \u2013 ninots. Det handlar inte bara om dekoration, utan om visuella ber\u00e4ttelser: satir, humor, kommentarer till aktuella h\u00e4ndelser och igenk\u00e4nnliga figurer.<\/span><\/p>\n<h3><span style=\"font-weight: 400;\">Krutets \u201chj\u00e4rtslag\u201d \u2013 Masclet\u00e0<\/span><\/h3>\n<p><span style=\"font-weight: 400;\">Masclet\u00e0 \u00e4r en pyroteknisk dagf\u00f6rest\u00e4llning som \u00e4r sv\u00e5r att beskriva med ord: det \u00e4r inte \u201cfyrverkerier p\u00e5 himlen\u201d, utan rytm, d\u00e5n och vibrationer som byggs upp i v\u00e5gor. Den klassiska samlingspunkten \u00e4r torget vid stadshuset (Plaza del Ayuntamiento).<\/span><\/p>\n<h3><span style=\"font-weight: 400;\">Blomsteroffer \u2013 Ofrenda de Flores<\/span><\/h3>\n<p><span style=\"font-weight: 400;\">Ofrenda (blomsteroffret till Jungfru Maria \u2013 Virgen de los Desamparados) \u00e4ger rum den 17\u201318 mars: tusentals deltagare i traditionella dr\u00e4kter g\u00e5r i procession och skapar en enorm blomster\u201cmantel\u201d p\u00e5 stadens skyddshelgons figur.<\/span><\/p>\n<h3><span style=\"font-weight: 400;\">Final \u2013 Crem\u00e0<\/span><\/h3>\n<p><span style=\"font-weight: 400;\">Kulmen p\u00e5 Fallas \u00e4r crem\u00e0: under natten till den 19 mars br\u00e4nns monumenten ett efter ett. F\u00f6rst barnens fallas, sedan de \u201cvuxnas\u201d, och den st\u00f6rsta publikansamlingen \u00e4r kopplad till fallas p\u00e5 de centrala torgen.<\/span><\/p>\n<h3><span style=\"font-weight: 400;\">Hur m\u00e5nga fallas s\u00e4tts upp i Valencia<\/span><\/h3>\n<p><span style=\"font-weight: 400;\">Under festivalen dyker omkring 800 monument upp i staden: ungef\u00e4r h\u00e4lften \u00e4r f\u00f6r barn och h\u00e4lften f\u00f6r vuxna.<\/span><\/p>\n<h3><span style=\"font-weight: 400;\">Var fallas tillverkas och varf\u00f6r \u201cinte allt brinner upp\u201d<\/span><\/h3>\n<p><span style=\"font-weight: 400;\">Monumenten skapas i stora verkst\u00e4der; en betydande del av denna kreativa industri \u00e4r koncentrerad till \u201ckonstn\u00e4rernas stad\u201d. Och \u00e4ven om festivalen enligt traditionen slutar i eld, kan varje \u00e5r en ninot fr\u00e5n en vuxen falla och en fr\u00e5n en barnfalla r\u00e4ddas genom publikomr\u00f6stning \u2013 det \u00e4r just ninot indultat. D\u00e4refter hamnar de i museets samling.<\/span><\/p>\n<h3><span style=\"font-weight: 400;\">Museo Fallero: vart man ska g\u00e5 f\u00f6r att se de r\u00e4ddade ninots<\/span><\/h3>\n<p><span style=\"font-weight: 400;\">P\u00e5 Fallasmuseet finns en samling ninots indultats som r\u00e4ddats fr\u00e5n elden sedan 1934, samt affischer, foto- och videomaterial som hj\u00e4lper till att f\u00f6rst\u00e5 festivalens utveckling och dess symbolik. D\u00e4r f\u00f6rklaras ocks\u00e5 sambandet med omr\u00f6stningen och ninotutst\u00e4llningen.<\/span><\/p>\n<h3><span style=\"font-weight: 400;\">Exposici\u00f3n del Ninot 2026: utst\u00e4llningen d\u00e4r den \u201cben\u00e5dade\u201d v\u00e4ljs<\/span><\/h3>\n<p><span style=\"font-weight: 400;\">Ninotutst\u00e4llningen \u00e4r Fallas \u201cteaser\u201d: kommissionerna v\u00e4ljer ut en ninot vardera \u2013 en vuxen och en f\u00f6r barn, bes\u00f6karna r\u00f6star, och de tv\u00e5 vinnarna br\u00e4nns inte den 19 mars utan flyttas till museet.<\/span><\/p>\n<p><span style=\"font-weight: 400;\">\u00c5r 2026 p\u00e5gick utst\u00e4llningen fr\u00e5n den 7 februari till den 15 mars i Ciutat de les Arts i les Ci\u00e8ncies.<\/span><\/p>\n<h2><span style=\"font-weight: 400;\">Program f\u00f6r Fallas 2026 (officiella evenemang 16\u201319 mars)<\/span><\/h2>\n<p><span style=\"font-weight: 400;\">Nedan \u2013 huvudpunkterna i Visit Valencias program (lokal tid). <a href=\"https:\/\/www.visitvalencia.com\/agenda-valencia\/programa-fallas-2026\">Hela programsidan<\/a><\/span><\/p>\n<h3><span style=\"font-weight: 400;\">M\u00e5ndag 16 mars 2026<\/span><\/h3>\n<ul>\n<li style=\"font-weight: 400;\" aria-level=\"1\"><span style=\"font-weight: 400;\">08:00 \u2013 <\/span><i><span style=\"font-weight: 400;\">Plant\u00e0<\/span><\/i><span style=\"font-weight: 400;\"> av alla fallas (uppf\u00f6rande av monumenten).<\/span><\/li>\n<li style=\"font-weight: 400;\" aria-level=\"1\"><span style=\"font-weight: 400;\">14:00 \u2013 <\/span><i><span style=\"font-weight: 400;\">Masclet\u00e0<\/span><\/i><span style=\"font-weight: 400;\"> p\u00e5 Plaza del Ayuntamiento (Pirotecnia Tamarit).<\/span><\/li>\n<li style=\"font-weight: 400;\" aria-level=\"1\"><span style=\"font-weight: 400;\">16:30 \u2013 Utdelning av barnpriser (Premios Infantiles) vid stadshuset.<\/span><\/li>\n<li style=\"font-weight: 400;\" aria-level=\"1\"><span style=\"font-weight: 400;\">23:59 \u2013 Nattligt fyrverkeri vid Puente de Monteolivete (Pirotecnia del Mediterr\u00e1neo).<\/span><\/li>\n<\/ul>\n<h3><span style=\"font-weight: 400;\">Tisdag 17 mars 2026<\/span><\/h3>\n<ul>\n<li style=\"font-weight: 400;\" aria-level=\"1\"><span style=\"font-weight: 400;\">09:00 \u2013 Prisutdelning (Entrega de Premios) vid stadshuset.<\/span><\/li>\n<li style=\"font-weight: 400;\" aria-level=\"1\"><span style=\"font-weight: 400;\">14:00 \u2013 <\/span><i><span style=\"font-weight: 400;\">Masclet\u00e0<\/span><\/i><span style=\"font-weight: 400;\"> p\u00e5 Plaza del Ayuntamiento (Pirotecnia del Mediterr\u00e1neo).<\/span><\/li>\n<li style=\"font-weight: 400;\" aria-level=\"1\"><span style=\"font-weight: 400;\">15:30 \u2013 Ofrenda de flores (processionernas b\u00f6rjan).<\/span><\/li>\n<li style=\"font-weight: 400;\" aria-level=\"1\"><span style=\"font-weight: 400;\">23:59 \u2013 Nattligt fyrverkeri vid Puente de Monteolivete (Pirotecnia Zaragozana).<\/span><\/li>\n<\/ul>\n<p><strong>Ofrenda den 17 mars \u2013 tidsschema per rutt<\/strong><\/p>\n<ul>\n<li><strong>Rutt \u201cCalle La Paz\u201d (start 15:30):<\/strong><span style=\"font-weight: 400;\"><br \/>\n<\/span><span style=\"font-weight: 400;\">Rascanya (15:30) \u2192 Camins al Grau (17:10) \u2192 Ruzafa A (18:55) \u2192 Ruzafa B (19:55) \u2192 Pla del Reial-Benimaclet (20:40) \u2192 Canyamelar-Grau-Nazaret (22:40) \u2192 La Xerea (00:10).<\/span><\/li>\n<li><strong>Rutt \u201cCalle San Vicente\u201d (start 15:30):<\/strong><span style=\"font-weight: 400;\"><br \/>\n<\/span><span style=\"font-weight: 400;\">Patraix (15:30) \u2192 Bot\u00e0nic-La Petxina (16:45) \u2192 El Carmen (17:45) \u2192 Jes\u00fas (18:30) \u2192 Quart de Poblet-Xirivella (19:45) \u2192 La Creu Coberta (21:25) \u2192 El Pilar-Sant Francesc (22:40) \u2192 La Seu-El Mercat (23:55) \u2192 Casas Regionales (00:25) \u2192 Juntas Locales (00:35) \u2192 Comitiva y Falleras Mayores Infantiles (00:50\u201301:00, inklusive Fallera Mayor Infantil).<\/span><\/li>\n<\/ul>\n<h3><span style=\"font-weight: 400;\">Onsdag 18 mars 2026<\/span><\/h3>\n<ul>\n<li style=\"font-weight: 400;\" aria-level=\"1\"><span style=\"font-weight: 400;\">10:00 \u2013 Minnesh\u00f6gtid f\u00f6r poeten Maximiliano Thous.<\/span><\/li>\n<li style=\"font-weight: 400;\" aria-level=\"1\"><span style=\"font-weight: 400;\">12:00 \u2013 Minnesh\u00f6gtid f\u00f6r Maestro Serrano.<\/span><\/li>\n<li style=\"font-weight: 400;\" aria-level=\"1\"><span style=\"font-weight: 400;\">14:00 \u2013 <\/span><i><span style=\"font-weight: 400;\">Masclet\u00e0<\/span><\/i><span style=\"font-weight: 400;\"> p\u00e5 Plaza del Ayuntamiento (Pirotecnia Caballer FX).<\/span><\/li>\n<li style=\"font-weight: 400;\" aria-level=\"1\"><span style=\"font-weight: 400;\">15:30 \u2013 Ofrenda de flores (andra dagen).<\/span><\/li>\n<li style=\"font-weight: 400;\" aria-level=\"1\"><span style=\"font-weight: 400;\">23:59 \u2013 NIT DEL FOC (Puente de Monteolivete, Pirotecnia Valenciana).<\/span><\/li>\n<\/ul>\n<p><strong>Ofrenda den 18 mars \u2013 tidsschema per rutt<\/strong><\/p>\n<ul>\n<li><span style=\"font-weight: 400;\"><strong>Rutt \u201cCalle La Paz\u201d (start 15:30)<\/strong>:<\/span><span style=\"font-weight: 400;\"><br \/>\n<\/span><span style=\"font-weight: 400;\">Quatre Carreres (15:30) \u2192 Benimamet-Burjassot-Beniferri (17:10) \u2192 Pla del Remei-Gran V\u00eda (19:10) \u2192 Malvarrosa-Caba\u00f1al-Beter\u00f3 (20:40) \u2192 Algir\u00f3s (21:55) \u2192 Poblats al Sud (22:55).<\/span><\/li>\n<li><span style=\"font-weight: 400;\"><strong>Rutt \u201cCalle San Vicente\u201d (start 15:30)<\/strong>:<\/span><span style=\"font-weight: 400;\"><br \/>\n<\/span><span style=\"font-weight: 400;\">Benicalap (15:30) \u2192 Campanar (16:45) \u2192 La Roqueta-Arrancapins (18:00) \u2192 Olivereta (19:30) \u2192 Zaidia (21:15) \u2192 Mislata (22:50) \u2192 Casas Regionales (00:05) \u2192 Entidades invitadas (00:15) \u2192 Falla de la Fallera Mayor + Comitiva + Falleras Mayores (00:25\u201300:40).<\/span><\/li>\n<\/ul>\n<h3><span style=\"font-weight: 400;\">Torsdag 19 mars 2026<\/span><\/h3>\n<ul>\n<li style=\"font-weight: 400;\" aria-level=\"1\"><span style=\"font-weight: 400;\">12:00 \u2013 H\u00f6gtidlig m\u00e4ssa till \u00e4ra f\u00f6r San Jos\u00e9 (katedralen).<\/span><\/li>\n<li style=\"font-weight: 400;\" aria-level=\"1\"><span style=\"font-weight: 400;\">14:00 \u2013 <\/span><i><span style=\"font-weight: 400;\">Masclet\u00e0<\/span><\/i><span style=\"font-weight: 400;\"> p\u00e5 Plaza del Ayuntamiento (Pirotecnia Hnos Caballer).<\/span><\/li>\n<li style=\"font-weight: 400;\" aria-level=\"1\"><span style=\"font-weight: 400;\">19:00 \u2013 Cabalgata del Fuego (l\u00e4ngs Calle de la Paz till Porta de la Mar).<\/span><\/li>\n<li style=\"font-weight: 400;\" aria-level=\"1\"><span style=\"font-weight: 400;\">20:00 \u2013 Crem\u00e0 av barnens fallas.<\/span><\/li>\n<li style=\"font-weight: 400;\" aria-level=\"1\"><span style=\"font-weight: 400;\">20:30 \u2013 Crem\u00e0 av vinnande barnfalla i Secci\u00f3n Especial.<\/span><\/li>\n<li style=\"font-weight: 400;\" aria-level=\"1\"><span style=\"font-weight: 400;\">21:00 \u2013 Crem\u00e0 av barnfalla p\u00e5 Plaza del Ayuntamiento.<\/span><\/li>\n<li style=\"font-weight: 400;\" aria-level=\"1\"><span style=\"font-weight: 400;\">22:00 \u2013 Crem\u00e0 av alla fallas i Valencia.<\/span><\/li>\n<li style=\"font-weight: 400;\" aria-level=\"1\"><span style=\"font-weight: 400;\">22:30 \u2013 Crem\u00e0 av vinnaren i Secci\u00f3n Especial.<\/span><\/li>\n<li style=\"font-weight: 400;\" aria-level=\"1\"><span style=\"font-weight: 400;\">23:00 \u2013 Crem\u00e0 av falla p\u00e5 Plaza del Ayuntamiento (Pirotecnia Hnos Caballer).<\/span><\/li>\n<\/ul>\n<p><\/p>","protected":false},"excerpt":{"rendered":"<p>Fallas \u00e4r Valencias mest k\u00e4nda festival, erk\u00e4nd av UNESCO\u2026<\/p>\n","protected":false},"author":19,"featured_media":551628,"comment_status":"closed","ping_status":"closed","sticky":false,"template":"","format":"standard","meta":{"footnotes":""},"categories":[1,74],"tags":[],"class_list":["post-551624","post","type-post","status-publish","format-standard","has-post-thumbnail","hentry","category-articles","category-life-in-spain"],"yoast_head":"<!-- This site is optimized with the Yoast SEO plugin v27.5 - https:\/\/yoast.com\/product\/yoast-seo-wordpress\/ -->\n<title>Las Fallas \u2013 Valencias st\u00f6rsta festival: program 2026<\/title>\n<meta name=\"description\" content=\"Guide till Las Fallas 2026: viktiga evenemang och schema, var du ser huvudshowerna, rutter i staden och praktiska tips.\" \/>\n<meta name=\"robots\" content=\"index, follow, max-snippet:-1, max-image-preview:large, max-video-preview:-1\" \/>\n<link rel=\"canonical\" href=\"https:\/\/alegria-realestate.com\/sv\/wp-json\/wp\/v2\/posts\/551624\" \/>\n<meta property=\"og:locale\" content=\"sv_SE\" \/>\n<meta property=\"og:type\" content=\"article\" \/>\n<meta property=\"og:title\" content=\"Las Fallas \u2013 Valencias st\u00f6rsta festival: program 2026\" \/>\n<meta property=\"og:description\" content=\"Guide till Las Fallas 2026: viktiga evenemang och schema, var du ser huvudshowerna, rutter i staden och praktiska tips.\" \/>\n<meta property=\"og:url\" content=\"https:\/\/alegria-realestate.com\/sv\/wp-json\/wp\/v2\/posts\/551624\" \/>\n<meta property=\"og:site_name\" content=\"Fastighet i Spanien\" \/>\n<meta property=\"article:publisher\" content=\"https:\/\/www.facebook.com\/realestate.alegria\" \/>\n<meta property=\"article:published_time\" content=\"2026-03-13T14:55:41+00:00\" \/>\n<meta property=\"article:modified_time\" content=\"2026-03-18T20:40:07+00:00\" \/>\n<meta property=\"og:image\" content=\"https:\/\/alegria-realestate.com\/wp-content\/uploads\/2024\/03\/Depositphotos_189450638_XL-scaled.jpg\" \/>\n\t<meta property=\"og:image:width\" content=\"2560\" \/>\n\t<meta property=\"og:image:height\" content=\"1707\" \/>\n\t<meta property=\"og:image:type\" content=\"image\/jpeg\" \/>\n<meta name=\"author\" content=\"\u041b\u0435\u0440\u0430\" \/>\n<meta name=\"twitter:card\" content=\"summary_large_image\" \/>\n<meta name=\"twitter:creator\" content=\"@alegriarealesta\" \/>\n<meta name=\"twitter:site\" content=\"@alegriarealesta\" \/>\n<script type=\"application\/ld+json\" class=\"yoast-schema-graph\">{\"@context\":\"https:\\\/\\\/schema.org\",\"@graph\":[{\"@type\":\"Article\",\"@id\":\"https:\\\/\\\/alegria-realestate.com\\\/articles\\\/fallas-in-valencia#article\",\"isPartOf\":{\"@id\":\"https:\\\/\\\/alegria-realestate.com\\\/articles\\\/fallas-in-valencia\"},\"author\":{\"name\":\"\u041b\u0435\u0440\u0430\",\"@id\":\"https:\\\/\\\/alegria-realestate.com\\\/#\\\/schema\\\/person\\\/6c26f3bac4c1e476e858c219ece11984\"},\"headline\":\"Las Fallas \u2013 Valencias st\u00f6rsta festival: program 2026\",\"datePublished\":\"2026-03-13T14:55:41+00:00\",\"dateModified\":\"2026-03-18T20:40:07+00:00\",\"mainEntityOfPage\":{\"@id\":\"https:\\\/\\\/alegria-realestate.com\\\/articles\\\/fallas-in-valencia\"},\"wordCount\":9687,\"publisher\":{\"@id\":\"https:\\\/\\\/alegria-realestate.com\\\/#organization\"},\"image\":{\"@id\":\"https:\\\/\\\/alegria-realestate.com\\\/articles\\\/fallas-in-valencia#primaryimage\"},\"thumbnailUrl\":\"https:\\\/\\\/alegria-realestate.com\\\/wp-content\\\/uploads\\\/2024\\\/03\\\/Depositphotos_189450638_XL-scaled.jpg\",\"articleSection\":[\"Blogg\",\"Livet i Spanien\"],\"inLanguage\":\"sv-SE\"},{\"@type\":\"WebPage\",\"@id\":\"https:\\\/\\\/alegria-realestate.com\\\/sv\\\/articles\\\/fallas-in-valencia\",\"url\":\"https:\\\/\\\/alegria-realestate.com\\\/sv\\\/articles\\\/fallas-in-valencia\",\"name\":\"Las Fallas \u2013 Valencias st\u00f6rsta festival: program 2026\",\"isPartOf\":{\"@id\":\"https:\\\/\\\/alegria-realestate.com\\\/sv\\\/#website\"},\"primaryImageOfPage\":{\"@id\":\"https:\\\/\\\/alegria-realestate.com\\\/sv\\\/articles\\\/fallas-in-valencia#primaryimage\"},\"image\":{\"@id\":\"https:\\\/\\\/alegria-realestate.com\\\/articles\\\/fallas-in-valencia#primaryimage\"},\"thumbnailUrl\":\"https:\\\/\\\/alegria-realestate.com\\\/wp-content\\\/uploads\\\/2024\\\/03\\\/Depositphotos_189450638_XL-scaled.jpg\",\"datePublished\":\"2026-03-13T14:55:41+00:00\",\"dateModified\":\"2026-03-18T20:40:07+00:00\",\"description\":\"Guide till Las Fallas 2026: viktiga evenemang och schema, var du ser huvudshowerna, rutter i staden och praktiska tips.\",\"breadcrumb\":{\"@id\":\"https:\\\/\\\/alegria-realestate.com\\\/sv\\\/articles\\\/fallas-in-valencia#breadcrumb\"},\"inLanguage\":\"sv-SE\",\"potentialAction\":[{\"@type\":\"ReadAction\",\"target\":[[\"https:\\\/\\\/alegria-realestate.com\\\/sv\\\/articles\\\/fallas-in-valencia\"]]}]},{\"@type\":\"ImageObject\",\"inLanguage\":\"sv-SE\",\"@id\":\"https:\\\/\\\/alegria-realestate.com\\\/sv\\\/articles\\\/fallas-in-valencia#primaryimage\",\"url\":\"https:\\\/\\\/alegria-realestate.com\\\/wp-content\\\/uploads\\\/2024\\\/03\\\/Depositphotos_189450638_XL-scaled.jpg\",\"contentUrl\":\"https:\\\/\\\/alegria-realestate.com\\\/wp-content\\\/uploads\\\/2024\\\/03\\\/Depositphotos_189450638_XL-scaled.jpg\",\"width\":2560,\"height\":1707,\"caption\":\"\u041f\u0440\u043e\u0433\u0440\u0430\u043c\u043c\u0430 \u0444\u0435\u0441\u0442\u0438\u0432\u0430\u043b\u044f \u0424\u0430\u043b\u044c\u044f\u0441-2024 \u0432 \u0412\u0430\u043b\u0435\u043d\u0441\u0438\u0438\"},{\"@type\":\"BreadcrumbList\",\"@id\":\"https:\\\/\\\/alegria-realestate.com\\\/sv\\\/articles\\\/fallas-in-valencia#breadcrumb\",\"itemListElement\":[{\"@type\":\"ListItem\",\"position\":1,\"name\":\"\u0413\u043b\u0430\u0432\u043d\u0430\u044f \u0441\u0442\u0440\u0430\u043d\u0438\u0446\u0430\",\"item\":\"https:\\\/\\\/alegria-realestate.com\\\/sv\\\/\"},{\"@type\":\"ListItem\",\"position\":2,\"name\":\"\u0424\u0430\u043b\u044c\u044f\u0441 \u2013 \u0433\u043b\u0430\u0432\u043d\u044b\u0439 \u0444\u0435\u0441\u0442\u0438\u0432\u0430\u043b\u044c \u0412\u0430\u043b\u0435\u043d\u0441\u0438\u0438: \u041f\u0440\u043e\u0433\u0440\u0430\u043c\u043c\u0430 2026\"}]},{\"@type\":\"WebSite\",\"@id\":\"https:\\\/\\\/alegria-realestate.com\\\/sv\\\/#website\",\"url\":\"https:\\\/\\\/alegria-realestate.com\\\/sv\\\/\",\"name\":\"Fastighet i Spanien\",\"description\":\"Fastigheter i Spanien: f\u00f6rs\u00e4ljning i alla st\u00e4der - Torrevieja, Alicante, Benidorm, etc. Vi hj\u00e4lper dig att k\u00f6pa fastigheter p\u00e5 Costa Blanca - sekund\u00e4ra bost\u00e4der, nya byggnader. Nyckelf\u00e4rdig design. Fastighet p\u00e5 Costa Blanca fr\u00e5n 80 000 \u20ac.\",\"publisher\":{\"@id\":\"https:\\\/\\\/alegria-realestate.com\\\/sv\\\/#organization\"},\"potentialAction\":[{\"@type\":\"SearchAction\",\"target\":{\"@type\":\"EntryPoint\",\"urlTemplate\":\"https:\\\/\\\/alegria-realestate.com\\\/sv\\\/?s={search_term_string}\"},\"query-input\":{\"@type\":\"PropertyValueSpecification\",\"valueRequired\":true,\"valueName\":\"search_term_string\"}}],\"inLanguage\":\"sv-SE\"},{\"@type\":\"Organization\",\"@id\":\"https:\\\/\\\/alegria-realestate.com\\\/sv\\\/#organization\",\"name\":\"Alegria Realestate\",\"url\":\"https:\\\/\\\/alegria-realestate.com\\\/sv\\\/\",\"logo\":{\"@type\":\"ImageObject\",\"inLanguage\":\"sv-SE\",\"@id\":\"https:\\\/\\\/alegria-realestate.com\\\/sv\\\/#\\\/schema\\\/logo\\\/image\\\/\",\"url\":\"https:\\\/\\\/alegria-realestate.com\\\/wp-content\\\/uploads\\\/2019\\\/08\\\/logo_alegria.png\",\"contentUrl\":\"https:\\\/\\\/alegria-realestate.com\\\/wp-content\\\/uploads\\\/2019\\\/08\\\/logo_alegria.png\",\"width\":1600,\"height\":1403,\"caption\":\"Alegria Realestate\"},\"image\":{\"@id\":\"https:\\\/\\\/alegria-realestate.com\\\/sv\\\/#\\\/schema\\\/logo\\\/image\\\/\"},\"sameAs\":[\"https:\\\/\\\/www.facebook.com\\\/realestate.alegria\",\"https:\\\/\\\/x.com\\\/alegriarealesta\",\"https:\\\/\\\/www.instagram.com\\\/alegriadom\\\/\",\"https:\\\/\\\/www.linkedin.com\\\/profile\\\/view?id=154965227\",\"https:\\\/\\\/www.youtube.com\\\/user\\\/AlegriaRealEstate\"]},{\"@type\":\"Person\",\"@id\":\"https:\\\/\\\/alegria-realestate.com\\\/#\\\/schema\\\/person\\\/6c26f3bac4c1e476e858c219ece11984\",\"name\":\"\u041b\u0435\u0440\u0430\"}]}<\/script>\n<!-- \/ Yoast SEO plugin. -->","yoast_head_json":{"title":"Las Fallas \u2013 Valencias st\u00f6rsta festival: program 2026","description":"Guide till Las Fallas 2026: viktiga evenemang och schema, var du ser huvudshowerna, rutter i staden och praktiska tips.","robots":{"index":"index","follow":"follow","max-snippet":"max-snippet:-1","max-image-preview":"max-image-preview:large","max-video-preview":"max-video-preview:-1"},"canonical":"https:\/\/alegria-realestate.com\/sv\/wp-json\/wp\/v2\/posts\/551624","og_locale":"sv_SE","og_type":"article","og_title":"Las Fallas \u2013 Valencias st\u00f6rsta festival: program 2026","og_description":"Guide till Las Fallas 2026: viktiga evenemang och schema, var du ser huvudshowerna, rutter i staden och praktiska tips.","og_url":"https:\/\/alegria-realestate.com\/sv\/wp-json\/wp\/v2\/posts\/551624","og_site_name":"Fastighet i Spanien","article_publisher":"https:\/\/www.facebook.com\/realestate.alegria","article_published_time":"2026-03-13T14:55:41+00:00","article_modified_time":"2026-03-18T20:40:07+00:00","og_image":[{"width":2560,"height":1707,"url":"https:\/\/alegria-realestate.com\/wp-content\/uploads\/2024\/03\/Depositphotos_189450638_XL-scaled.jpg","type":"image\/jpeg"}],"author":"\u041b\u0435\u0440\u0430","twitter_card":"summary_large_image","twitter_creator":"@alegriarealesta","twitter_site":"@alegriarealesta","schema":{"@context":"https:\/\/schema.org","@graph":[{"@type":"Article","@id":"https:\/\/alegria-realestate.com\/articles\/fallas-in-valencia#article","isPartOf":{"@id":"https:\/\/alegria-realestate.com\/articles\/fallas-in-valencia"},"author":{"name":"\u041b\u0435\u0440\u0430","@id":"https:\/\/alegria-realestate.com\/#\/schema\/person\/6c26f3bac4c1e476e858c219ece11984"},"headline":"Las Fallas \u2013 Valencias st\u00f6rsta festival: program 2026","datePublished":"2026-03-13T14:55:41+00:00","dateModified":"2026-03-18T20:40:07+00:00","mainEntityOfPage":{"@id":"https:\/\/alegria-realestate.com\/articles\/fallas-in-valencia"},"wordCount":9687,"publisher":{"@id":"https:\/\/alegria-realestate.com\/#organization"},"image":{"@id":"https:\/\/alegria-realestate.com\/articles\/fallas-in-valencia#primaryimage"},"thumbnailUrl":"https:\/\/alegria-realestate.com\/wp-content\/uploads\/2024\/03\/Depositphotos_189450638_XL-scaled.jpg","articleSection":["Blogg","Livet i Spanien"],"inLanguage":"sv-SE"},{"@type":"WebPage","@id":"https:\/\/alegria-realestate.com\/sv\/articles\/fallas-in-valencia","url":"https:\/\/alegria-realestate.com\/sv\/articles\/fallas-in-valencia","name":"Las Fallas \u2013 Valencias st\u00f6rsta festival: program 2026","isPartOf":{"@id":"https:\/\/alegria-realestate.com\/sv\/#website"},"primaryImageOfPage":{"@id":"https:\/\/alegria-realestate.com\/sv\/articles\/fallas-in-valencia#primaryimage"},"image":{"@id":"https:\/\/alegria-realestate.com\/articles\/fallas-in-valencia#primaryimage"},"thumbnailUrl":"https:\/\/alegria-realestate.com\/wp-content\/uploads\/2024\/03\/Depositphotos_189450638_XL-scaled.jpg","datePublished":"2026-03-13T14:55:41+00:00","dateModified":"2026-03-18T20:40:07+00:00","description":"Guide till Las Fallas 2026: viktiga evenemang och schema, var du ser huvudshowerna, rutter i staden och praktiska tips.","breadcrumb":{"@id":"https:\/\/alegria-realestate.com\/sv\/articles\/fallas-in-valencia#breadcrumb"},"inLanguage":"sv-SE","potentialAction":[{"@type":"ReadAction","target":[["https:\/\/alegria-realestate.com\/sv\/articles\/fallas-in-valencia"]]}]},{"@type":"ImageObject","inLanguage":"sv-SE","@id":"https:\/\/alegria-realestate.com\/sv\/articles\/fallas-in-valencia#primaryimage","url":"https:\/\/alegria-realestate.com\/wp-content\/uploads\/2024\/03\/Depositphotos_189450638_XL-scaled.jpg","contentUrl":"https:\/\/alegria-realestate.com\/wp-content\/uploads\/2024\/03\/Depositphotos_189450638_XL-scaled.jpg","width":2560,"height":1707,"caption":"\u041f\u0440\u043e\u0433\u0440\u0430\u043c\u043c\u0430 \u0444\u0435\u0441\u0442\u0438\u0432\u0430\u043b\u044f \u0424\u0430\u043b\u044c\u044f\u0441-2024 \u0432 \u0412\u0430\u043b\u0435\u043d\u0441\u0438\u0438"},{"@type":"BreadcrumbList","@id":"https:\/\/alegria-realestate.com\/sv\/articles\/fallas-in-valencia#breadcrumb","itemListElement":[{"@type":"ListItem","position":1,"name":"\u0413\u043b\u0430\u0432\u043d\u0430\u044f \u0441\u0442\u0440\u0430\u043d\u0438\u0446\u0430","item":"https:\/\/alegria-realestate.com\/sv\/"},{"@type":"ListItem","position":2,"name":"\u0424\u0430\u043b\u044c\u044f\u0441 \u2013 \u0433\u043b\u0430\u0432\u043d\u044b\u0439 \u0444\u0435\u0441\u0442\u0438\u0432\u0430\u043b\u044c \u0412\u0430\u043b\u0435\u043d\u0441\u0438\u0438: \u041f\u0440\u043e\u0433\u0440\u0430\u043c\u043c\u0430 2026"}]},{"@type":"WebSite","@id":"https:\/\/alegria-realestate.com\/sv\/#website","url":"https:\/\/alegria-realestate.com\/sv\/","name":"Fastighet i Spanien","description":"Fastigheter i Spanien: f\u00f6rs\u00e4ljning i alla st\u00e4der - Torrevieja, Alicante, Benidorm, etc. Vi hj\u00e4lper dig att k\u00f6pa fastigheter p\u00e5 Costa Blanca - sekund\u00e4ra bost\u00e4der, nya byggnader. Nyckelf\u00e4rdig design. Fastighet p\u00e5 Costa Blanca fr\u00e5n 80 000 \u20ac.","publisher":{"@id":"https:\/\/alegria-realestate.com\/sv\/#organization"},"potentialAction":[{"@type":"SearchAction","target":{"@type":"EntryPoint","urlTemplate":"https:\/\/alegria-realestate.com\/sv\/?s={search_term_string}"},"query-input":{"@type":"PropertyValueSpecification","valueRequired":true,"valueName":"search_term_string"}}],"inLanguage":"sv-SE"},{"@type":"Organization","@id":"https:\/\/alegria-realestate.com\/sv\/#organization","name":"Alegria Realestate","url":"https:\/\/alegria-realestate.com\/sv\/","logo":{"@type":"ImageObject","inLanguage":"sv-SE","@id":"https:\/\/alegria-realestate.com\/sv\/#\/schema\/logo\/image\/","url":"https:\/\/alegria-realestate.com\/wp-content\/uploads\/2019\/08\/logo_alegria.png","contentUrl":"https:\/\/alegria-realestate.com\/wp-content\/uploads\/2019\/08\/logo_alegria.png","width":1600,"height":1403,"caption":"Alegria Realestate"},"image":{"@id":"https:\/\/alegria-realestate.com\/sv\/#\/schema\/logo\/image\/"},"sameAs":["https:\/\/www.facebook.com\/realestate.alegria","https:\/\/x.com\/alegriarealesta","https:\/\/www.instagram.com\/alegriadom\/","https:\/\/www.linkedin.com\/profile\/view?id=154965227","https:\/\/www.youtube.com\/user\/AlegriaRealEstate"]},{"@type":"Person","@id":"https:\/\/alegria-realestate.com\/#\/schema\/person\/6c26f3bac4c1e476e858c219ece11984","name":"\u041b\u0435\u0440\u0430"}]}},"_links":{"self":[{"href":"https:\/\/alegria-realestate.com\/sv\/wp-json\/wp\/v2\/posts\/551624","targetHints":{"allow":["GET"]}}],"collection":[{"href":"https:\/\/alegria-realestate.com\/sv\/wp-json\/wp\/v2\/posts"}],"about":[{"href":"https:\/\/alegria-realestate.com\/sv\/wp-json\/wp\/v2\/types\/post"}],"author":[{"embeddable":true,"href":"https:\/\/alegria-realestate.com\/sv\/wp-json\/wp\/v2\/users\/19"}],"replies":[{"embeddable":true,"href":"https:\/\/alegria-realestate.com\/sv\/wp-json\/wp\/v2\/comments?post=551624"}],"version-history":[{"count":3,"href":"https:\/\/alegria-realestate.com\/sv\/wp-json\/wp\/v2\/posts\/551624\/revisions"}],"predecessor-version":[{"id":1262909,"href":"https:\/\/alegria-realestate.com\/sv\/wp-json\/wp\/v2\/posts\/551624\/revisions\/1262909"}],"wp:featuredmedia":[{"embeddable":true,"href":"https:\/\/alegria-realestate.com\/sv\/wp-json\/wp\/v2\/media\/551628"}],"wp:attachment":[{"href":"https:\/\/alegria-realestate.com\/sv\/wp-json\/wp\/v2\/media?parent=551624"}],"wp:term":[{"taxonomy":"category","embeddable":true,"href":"https:\/\/alegria-realestate.com\/sv\/wp-json\/wp\/v2\/categories?post=551624"},{"taxonomy":"post_tag","embeddable":true,"href":"https:\/\/alegria-realestate.com\/sv\/wp-json\/wp\/v2\/tags?post=551624"}],"curies":[{"name":"wp","href":"https:\/\/api.w.org\/{rel}","templated":true}]}}