{"id":916758,"date":"2025-10-06T18:14:54","date_gmt":"2025-10-06T15:14:54","guid":{"rendered":"https:\/\/alegria-realestate.com\/?p=916758"},"modified":"2025-10-13T18:18:20","modified_gmt":"2025-10-13T15:18:20","slug":"alicante-the-second-province-in-spain-by-number-of-foreign-tenants","status":"publish","type":"post","link":"https:\/\/alegria-realestate.com\/sv\/articles\/alicante-the-second-province-in-spain-by-number-of-foreign-tenants","title":{"rendered":"Alicante \u2013 Spaniens n\u00e4st st\u00f6rsta provins efter andelen utl\u00e4ndska hyresg\u00e4ster \u2013 2025"},"content":{"rendered":"<p><span style=\"font-weight: 400;\">Enligt den senaste unders\u00f6kningen fr\u00e5n portalen Idealista v\u00e4cker hyresbost\u00e4der i provinserna Balearerna (29,1%), Alicante (27,4%), Malaga (25,7%) och Santa Cruz de Tenerife (21,9%) stort intresse bland utl\u00e4nningar under f\u00f6rsta kvartalet 2025. S\u00e4rskilt utm\u00e4rker sig efterfr\u00e5gan fr\u00e5n medborgare i europeiska l\u00e4nder \u2013 som Tyskland, Storbritannien, Frankrike, Nederl\u00e4nderna och Italien \u2013 samt USA, Argentina, Marocko och Colombia.<\/span><\/p>\n<p><span style=\"font-weight: 400;\">P\u00e5 Balearerna kommer de flesta s\u00f6kningarna fr\u00e5n Tyskland (39%), l\u00e5ngt f\u00f6re Storbritannien (9%) och Italien (7%). I Alicante dominerar s\u00f6kningarna fr\u00e5n Nederl\u00e4nderna (14%), Tyskland (11%) och Storbritannien (9%).<\/span><\/p>\n<p><span style=\"font-weight: 400;\">P\u00e5 tredje plats ligger Malaga, d\u00e4r britter (11%), tyskar (10%) och nederl\u00e4ndare (9%) \u00e4r mest aktiva. I Santa Cruz de Tenerife \u00f6vertr\u00e4ffar tyskar (23%) italienare (19%) och britter (8%) i intresset f\u00f6r uthyrning p\u00e5 de v\u00e4stra \u00f6arna i Kanariearkipelagen.<\/span><\/p>\n<p><span style=\"font-weight: 400;\">Rapporten noterar att hyresannonser p\u00e5 Idealista i andra \u201dturistprovinser\u201d \u2013 s\u00e5som Las Palmas, Girona eller Almeria \u2013 ocks\u00e5 \u00e4r mycket popul\u00e4ra bland utl\u00e4nningar, med efterfr\u00e5gan \u00f6ver 15%. Bland de stora bostadsmarknaderna stod Valencia f\u00f6r den st\u00f6rsta andelen bes\u00f6k p\u00e5 hyresannonser (17%), f\u00f6re Barcelona (15,3%), Madrid (9,1%) och Sevilla (8,1%).<\/span><\/p>\n<p><span style=\"font-weight: 400;\">USA:s medborgare f\u00f6redrog oftast Valencia, Madrid och Sevilla (13\u201314%), medan de i Barcelona l\u00e5g p\u00e5 andra plats (10%), endast efter fransm\u00e4nnen (11%). I provinsen Valencia fick amerikanerna s\u00e4llskap av tyskar (9%) och fransm\u00e4n (8%), och i Barcelona kompletterar italienare (9%) topp-trean. I Madrid utm\u00e4rker sig s\u00f6kningar fr\u00e5n Frankrike (8%) och Italien (7%) \u2013 liksom i Sevilla, med 11% respektive 9%.<\/span><\/p>\n<p><span style=\"font-weight: 400;\">Bland andra nationaliteter \u2013 \u00e4ven om alla ligger under 10% \u2013 m\u00e4rks portugisernas intresse f\u00f6r gr\u00e4nsomr\u00e5den. De leder bes\u00f6ken i Badajoz (40%), Huelva (27%), Pontevedra (22%) och Ourense (15%). Fr\u00e5n Andorra riktas intresset fr\u00e4mst mot hyror i Lleida (18%), medan det fr\u00e5n Brasilien g\u00e4ller Valladolid (10%). Bes\u00f6k fr\u00e5n latinamerikanska l\u00e4nder \u2013 s\u00e5som Argentina, Venezuela, Colombia och Kuba \u2013 toppar listorna i inlandets provinser: Guadalajara, Toledo, Segovia och Avila.<\/span><\/p>","protected":false},"excerpt":{"rendered":"<p>Enligt den senaste unders\u00f6kningen fr\u00e5n portalen Idealista v\u00e4cker hyresbost\u00e4der\u2026<\/p>\n","protected":false},"author":34,"featured_media":916761,"comment_status":"closed","ping_status":"closed","sticky":false,"template":"","format":"standard","meta":{"footnotes":""},"categories":[1],"tags":[],"class_list":["post-916758","post","type-post","status-publish","format-standard","has-post-thumbnail","hentry","category-articles"],"yoast_head":"<!-- This site is optimized with the Yoast SEO plugin v27.5 - https:\/\/yoast.com\/product\/yoast-seo-wordpress\/ -->\n<title>Alicante \u2013 Spaniens nr 2 provins efter antal utl\u00e4ndska hyresg\u00e4ster, 2025<\/title>\n<meta name=\"description\" content=\"Hyresmarknaden 2025: d\u00e4rf\u00f6r lockar provinsen Alicante utl\u00e4ndska hyresg\u00e4ster \u2013 nyckelomr\u00e5den, priser och trender.\" \/>\n<meta name=\"robots\" content=\"index, follow, max-snippet:-1, max-image-preview:large, max-video-preview:-1\" \/>\n<link rel=\"canonical\" href=\"https:\/\/alegria-realestate.com\/sv\/wp-json\/wp\/v2\/posts\/916758\" \/>\n<meta property=\"og:locale\" content=\"sv_SE\" \/>\n<meta property=\"og:type\" content=\"article\" \/>\n<meta property=\"og:title\" content=\"Alicante \u2013 Spaniens nr 2 provins efter antal utl\u00e4ndska hyresg\u00e4ster, 2025\" \/>\n<meta property=\"og:description\" content=\"Hyresmarknaden 2025: d\u00e4rf\u00f6r lockar provinsen Alicante utl\u00e4ndska hyresg\u00e4ster \u2013 nyckelomr\u00e5den, priser och trender.\" \/>\n<meta property=\"og:url\" content=\"https:\/\/alegria-realestate.com\/sv\/wp-json\/wp\/v2\/posts\/916758\" \/>\n<meta property=\"og:site_name\" content=\"Fastighet i Spanien\" \/>\n<meta property=\"article:publisher\" content=\"https:\/\/www.facebook.com\/realestate.alegria\" \/>\n<meta property=\"article:published_time\" content=\"2025-10-06T15:14:54+00:00\" \/>\n<meta property=\"article:modified_time\" content=\"2025-10-13T15:18:20+00:00\" \/>\n<meta property=\"og:image\" content=\"https:\/\/alegria-realestate.com\/wp-content\/uploads\/2025\/10\/campoamor.jpg\" \/>\n\t<meta property=\"og:image:width\" content=\"2000\" \/>\n\t<meta property=\"og:image:height\" content=\"1332\" \/>\n\t<meta property=\"og:image:type\" content=\"image\/jpeg\" \/>\n<meta name=\"author\" content=\"Irina\" \/>\n<meta name=\"twitter:card\" content=\"summary_large_image\" \/>\n<meta name=\"twitter:creator\" content=\"@alegriarealesta\" \/>\n<meta name=\"twitter:site\" content=\"@alegriarealesta\" \/>\n<script type=\"application\/ld+json\" class=\"yoast-schema-graph\">{\"@context\":\"https:\\\/\\\/schema.org\",\"@graph\":[{\"@type\":\"Article\",\"@id\":\"https:\\\/\\\/alegria-realestate.com\\\/articles\\\/alicante-the-second-province-in-spain-by-number-of-foreign-tenants#article\",\"isPartOf\":{\"@id\":\"https:\\\/\\\/alegria-realestate.com\\\/articles\\\/alicante-the-second-province-in-spain-by-number-of-foreign-tenants\"},\"author\":{\"name\":\"Irina\",\"@id\":\"https:\\\/\\\/alegria-realestate.com\\\/#\\\/schema\\\/person\\\/d5f65cbf5d490b626f10bef994e91bde\"},\"headline\":\"Alicante \u2013 Spaniens n\u00e4st st\u00f6rsta provins efter andelen utl\u00e4ndska hyresg\u00e4ster \u2013 2025\",\"datePublished\":\"2025-10-06T15:14:54+00:00\",\"dateModified\":\"2025-10-13T15:18:20+00:00\",\"mainEntityOfPage\":{\"@id\":\"https:\\\/\\\/alegria-realestate.com\\\/articles\\\/alicante-the-second-province-in-spain-by-number-of-foreign-tenants\"},\"wordCount\":3599,\"publisher\":{\"@id\":\"https:\\\/\\\/alegria-realestate.com\\\/#organization\"},\"image\":{\"@id\":\"https:\\\/\\\/alegria-realestate.com\\\/articles\\\/alicante-the-second-province-in-spain-by-number-of-foreign-tenants#primaryimage\"},\"thumbnailUrl\":\"https:\\\/\\\/alegria-realestate.com\\\/wp-content\\\/uploads\\\/2025\\\/10\\\/campoamor.jpg\",\"articleSection\":[\"Blogg\"],\"inLanguage\":\"sv-SE\"},{\"@type\":\"WebPage\",\"@id\":\"https:\\\/\\\/alegria-realestate.com\\\/sv\\\/articles\\\/alicante-the-second-province-in-spain-by-number-of-foreign-tenants\",\"url\":\"https:\\\/\\\/alegria-realestate.com\\\/sv\\\/articles\\\/alicante-the-second-province-in-spain-by-number-of-foreign-tenants\",\"name\":\"Alicante \u2013 Spaniens nr 2 provins efter antal utl\u00e4ndska hyresg\u00e4ster, 2025\",\"isPartOf\":{\"@id\":\"https:\\\/\\\/alegria-realestate.com\\\/sv\\\/#website\"},\"primaryImageOfPage\":{\"@id\":\"https:\\\/\\\/alegria-realestate.com\\\/sv\\\/articles\\\/alicante-the-second-province-in-spain-by-number-of-foreign-tenants#primaryimage\"},\"image\":{\"@id\":\"https:\\\/\\\/alegria-realestate.com\\\/articles\\\/alicante-the-second-province-in-spain-by-number-of-foreign-tenants#primaryimage\"},\"thumbnailUrl\":\"https:\\\/\\\/alegria-realestate.com\\\/wp-content\\\/uploads\\\/2025\\\/10\\\/campoamor.jpg\",\"datePublished\":\"2025-10-06T15:14:54+00:00\",\"dateModified\":\"2025-10-13T15:18:20+00:00\",\"description\":\"Hyresmarknaden 2025: d\u00e4rf\u00f6r lockar provinsen Alicante utl\u00e4ndska hyresg\u00e4ster \u2013 nyckelomr\u00e5den, priser och trender.\",\"breadcrumb\":{\"@id\":\"https:\\\/\\\/alegria-realestate.com\\\/sv\\\/articles\\\/alicante-the-second-province-in-spain-by-number-of-foreign-tenants#breadcrumb\"},\"inLanguage\":\"sv-SE\",\"potentialAction\":[{\"@type\":\"ReadAction\",\"target\":[[\"https:\\\/\\\/alegria-realestate.com\\\/sv\\\/articles\\\/alicante-the-second-province-in-spain-by-number-of-foreign-tenants\"]]}]},{\"@type\":\"ImageObject\",\"inLanguage\":\"sv-SE\",\"@id\":\"https:\\\/\\\/alegria-realestate.com\\\/sv\\\/articles\\\/alicante-the-second-province-in-spain-by-number-of-foreign-tenants#primaryimage\",\"url\":\"https:\\\/\\\/alegria-realestate.com\\\/wp-content\\\/uploads\\\/2025\\\/10\\\/campoamor.jpg\",\"contentUrl\":\"https:\\\/\\\/alegria-realestate.com\\\/wp-content\\\/uploads\\\/2025\\\/10\\\/campoamor.jpg\",\"width\":2000,\"height\":1332},{\"@type\":\"BreadcrumbList\",\"@id\":\"https:\\\/\\\/alegria-realestate.com\\\/sv\\\/articles\\\/alicante-the-second-province-in-spain-by-number-of-foreign-tenants#breadcrumb\",\"itemListElement\":[{\"@type\":\"ListItem\",\"position\":1,\"name\":\"\u0413\u043b\u0430\u0432\u043d\u0430\u044f \u0441\u0442\u0440\u0430\u043d\u0438\u0446\u0430\",\"item\":\"https:\\\/\\\/alegria-realestate.com\\\/sv\\\/\"},{\"@type\":\"ListItem\",\"position\":2,\"name\":\"\u0410\u043b\u0438\u043a\u0430\u043d\u0442\u0435 \u2013 \u0432\u0442\u043e\u0440\u0430\u044f \u043f\u0440\u043e\u0432\u0438\u043d\u0446\u0438\u044f \u0418\u0441\u043f\u0430\u043d\u0438\u0438 \u043f\u043e \u0447\u0438\u0441\u043b\u0443 \u0438\u043d\u043e\u0441\u0442\u0440\u0430\u043d\u043d\u044b\u0445 \u0430\u0440\u0435\u043d\u0434\u0430\u0442\u043e\u0440\u043e\u0432 \u2013 2025\"}]},{\"@type\":\"WebSite\",\"@id\":\"https:\\\/\\\/alegria-realestate.com\\\/sv\\\/#website\",\"url\":\"https:\\\/\\\/alegria-realestate.com\\\/sv\\\/\",\"name\":\"Fastighet i Spanien\",\"description\":\"Fastigheter i Spanien: f\u00f6rs\u00e4ljning i alla st\u00e4der - Torrevieja, Alicante, Benidorm, etc. Vi hj\u00e4lper dig att k\u00f6pa fastigheter p\u00e5 Costa Blanca - sekund\u00e4ra bost\u00e4der, nya byggnader. Nyckelf\u00e4rdig design. Fastighet p\u00e5 Costa Blanca fr\u00e5n 80 000 \u20ac.\",\"publisher\":{\"@id\":\"https:\\\/\\\/alegria-realestate.com\\\/sv\\\/#organization\"},\"potentialAction\":[{\"@type\":\"SearchAction\",\"target\":{\"@type\":\"EntryPoint\",\"urlTemplate\":\"https:\\\/\\\/alegria-realestate.com\\\/sv\\\/?s={search_term_string}\"},\"query-input\":{\"@type\":\"PropertyValueSpecification\",\"valueRequired\":true,\"valueName\":\"search_term_string\"}}],\"inLanguage\":\"sv-SE\"},{\"@type\":\"Organization\",\"@id\":\"https:\\\/\\\/alegria-realestate.com\\\/sv\\\/#organization\",\"name\":\"Alegria Realestate\",\"url\":\"https:\\\/\\\/alegria-realestate.com\\\/sv\\\/\",\"logo\":{\"@type\":\"ImageObject\",\"inLanguage\":\"sv-SE\",\"@id\":\"https:\\\/\\\/alegria-realestate.com\\\/sv\\\/#\\\/schema\\\/logo\\\/image\\\/\",\"url\":\"https:\\\/\\\/alegria-realestate.com\\\/wp-content\\\/uploads\\\/2019\\\/08\\\/logo_alegria.png\",\"contentUrl\":\"https:\\\/\\\/alegria-realestate.com\\\/wp-content\\\/uploads\\\/2019\\\/08\\\/logo_alegria.png\",\"width\":1600,\"height\":1403,\"caption\":\"Alegria Realestate\"},\"image\":{\"@id\":\"https:\\\/\\\/alegria-realestate.com\\\/sv\\\/#\\\/schema\\\/logo\\\/image\\\/\"},\"sameAs\":[\"https:\\\/\\\/www.facebook.com\\\/realestate.alegria\",\"https:\\\/\\\/x.com\\\/alegriarealesta\",\"https:\\\/\\\/www.instagram.com\\\/alegriadom\\\/\",\"https:\\\/\\\/www.linkedin.com\\\/profile\\\/view?id=154965227\",\"https:\\\/\\\/www.youtube.com\\\/user\\\/AlegriaRealEstate\"]},{\"@type\":\"Person\",\"@id\":\"https:\\\/\\\/alegria-realestate.com\\\/#\\\/schema\\\/person\\\/d5f65cbf5d490b626f10bef994e91bde\",\"name\":\"Irina\"}]}<\/script>\n<!-- \/ Yoast SEO plugin. -->","yoast_head_json":{"title":"Alicante \u2013 Spaniens nr 2 provins efter antal utl\u00e4ndska hyresg\u00e4ster, 2025","description":"Hyresmarknaden 2025: d\u00e4rf\u00f6r lockar provinsen Alicante utl\u00e4ndska hyresg\u00e4ster \u2013 nyckelomr\u00e5den, priser och trender.","robots":{"index":"index","follow":"follow","max-snippet":"max-snippet:-1","max-image-preview":"max-image-preview:large","max-video-preview":"max-video-preview:-1"},"canonical":"https:\/\/alegria-realestate.com\/sv\/wp-json\/wp\/v2\/posts\/916758","og_locale":"sv_SE","og_type":"article","og_title":"Alicante \u2013 Spaniens nr 2 provins efter antal utl\u00e4ndska hyresg\u00e4ster, 2025","og_description":"Hyresmarknaden 2025: d\u00e4rf\u00f6r lockar provinsen Alicante utl\u00e4ndska hyresg\u00e4ster \u2013 nyckelomr\u00e5den, priser och trender.","og_url":"https:\/\/alegria-realestate.com\/sv\/wp-json\/wp\/v2\/posts\/916758","og_site_name":"Fastighet i Spanien","article_publisher":"https:\/\/www.facebook.com\/realestate.alegria","article_published_time":"2025-10-06T15:14:54+00:00","article_modified_time":"2025-10-13T15:18:20+00:00","og_image":[{"width":2000,"height":1332,"url":"https:\/\/alegria-realestate.com\/wp-content\/uploads\/2025\/10\/campoamor.jpg","type":"image\/jpeg"}],"author":"Irina","twitter_card":"summary_large_image","twitter_creator":"@alegriarealesta","twitter_site":"@alegriarealesta","schema":{"@context":"https:\/\/schema.org","@graph":[{"@type":"Article","@id":"https:\/\/alegria-realestate.com\/articles\/alicante-the-second-province-in-spain-by-number-of-foreign-tenants#article","isPartOf":{"@id":"https:\/\/alegria-realestate.com\/articles\/alicante-the-second-province-in-spain-by-number-of-foreign-tenants"},"author":{"name":"Irina","@id":"https:\/\/alegria-realestate.com\/#\/schema\/person\/d5f65cbf5d490b626f10bef994e91bde"},"headline":"Alicante \u2013 Spaniens n\u00e4st st\u00f6rsta provins efter andelen utl\u00e4ndska hyresg\u00e4ster \u2013 2025","datePublished":"2025-10-06T15:14:54+00:00","dateModified":"2025-10-13T15:18:20+00:00","mainEntityOfPage":{"@id":"https:\/\/alegria-realestate.com\/articles\/alicante-the-second-province-in-spain-by-number-of-foreign-tenants"},"wordCount":3599,"publisher":{"@id":"https:\/\/alegria-realestate.com\/#organization"},"image":{"@id":"https:\/\/alegria-realestate.com\/articles\/alicante-the-second-province-in-spain-by-number-of-foreign-tenants#primaryimage"},"thumbnailUrl":"https:\/\/alegria-realestate.com\/wp-content\/uploads\/2025\/10\/campoamor.jpg","articleSection":["Blogg"],"inLanguage":"sv-SE"},{"@type":"WebPage","@id":"https:\/\/alegria-realestate.com\/sv\/articles\/alicante-the-second-province-in-spain-by-number-of-foreign-tenants","url":"https:\/\/alegria-realestate.com\/sv\/articles\/alicante-the-second-province-in-spain-by-number-of-foreign-tenants","name":"Alicante \u2013 Spaniens nr 2 provins efter antal utl\u00e4ndska hyresg\u00e4ster, 2025","isPartOf":{"@id":"https:\/\/alegria-realestate.com\/sv\/#website"},"primaryImageOfPage":{"@id":"https:\/\/alegria-realestate.com\/sv\/articles\/alicante-the-second-province-in-spain-by-number-of-foreign-tenants#primaryimage"},"image":{"@id":"https:\/\/alegria-realestate.com\/articles\/alicante-the-second-province-in-spain-by-number-of-foreign-tenants#primaryimage"},"thumbnailUrl":"https:\/\/alegria-realestate.com\/wp-content\/uploads\/2025\/10\/campoamor.jpg","datePublished":"2025-10-06T15:14:54+00:00","dateModified":"2025-10-13T15:18:20+00:00","description":"Hyresmarknaden 2025: d\u00e4rf\u00f6r lockar provinsen Alicante utl\u00e4ndska hyresg\u00e4ster \u2013 nyckelomr\u00e5den, priser och trender.","breadcrumb":{"@id":"https:\/\/alegria-realestate.com\/sv\/articles\/alicante-the-second-province-in-spain-by-number-of-foreign-tenants#breadcrumb"},"inLanguage":"sv-SE","potentialAction":[{"@type":"ReadAction","target":[["https:\/\/alegria-realestate.com\/sv\/articles\/alicante-the-second-province-in-spain-by-number-of-foreign-tenants"]]}]},{"@type":"ImageObject","inLanguage":"sv-SE","@id":"https:\/\/alegria-realestate.com\/sv\/articles\/alicante-the-second-province-in-spain-by-number-of-foreign-tenants#primaryimage","url":"https:\/\/alegria-realestate.com\/wp-content\/uploads\/2025\/10\/campoamor.jpg","contentUrl":"https:\/\/alegria-realestate.com\/wp-content\/uploads\/2025\/10\/campoamor.jpg","width":2000,"height":1332},{"@type":"BreadcrumbList","@id":"https:\/\/alegria-realestate.com\/sv\/articles\/alicante-the-second-province-in-spain-by-number-of-foreign-tenants#breadcrumb","itemListElement":[{"@type":"ListItem","position":1,"name":"\u0413\u043b\u0430\u0432\u043d\u0430\u044f \u0441\u0442\u0440\u0430\u043d\u0438\u0446\u0430","item":"https:\/\/alegria-realestate.com\/sv\/"},{"@type":"ListItem","position":2,"name":"\u0410\u043b\u0438\u043a\u0430\u043d\u0442\u0435 \u2013 \u0432\u0442\u043e\u0440\u0430\u044f \u043f\u0440\u043e\u0432\u0438\u043d\u0446\u0438\u044f \u0418\u0441\u043f\u0430\u043d\u0438\u0438 \u043f\u043e \u0447\u0438\u0441\u043b\u0443 \u0438\u043d\u043e\u0441\u0442\u0440\u0430\u043d\u043d\u044b\u0445 \u0430\u0440\u0435\u043d\u0434\u0430\u0442\u043e\u0440\u043e\u0432 \u2013 2025"}]},{"@type":"WebSite","@id":"https:\/\/alegria-realestate.com\/sv\/#website","url":"https:\/\/alegria-realestate.com\/sv\/","name":"Fastighet i Spanien","description":"Fastigheter i Spanien: f\u00f6rs\u00e4ljning i alla st\u00e4der - Torrevieja, Alicante, Benidorm, etc. Vi hj\u00e4lper dig att k\u00f6pa fastigheter p\u00e5 Costa Blanca - sekund\u00e4ra bost\u00e4der, nya byggnader. Nyckelf\u00e4rdig design. Fastighet p\u00e5 Costa Blanca fr\u00e5n 80 000 \u20ac.","publisher":{"@id":"https:\/\/alegria-realestate.com\/sv\/#organization"},"potentialAction":[{"@type":"SearchAction","target":{"@type":"EntryPoint","urlTemplate":"https:\/\/alegria-realestate.com\/sv\/?s={search_term_string}"},"query-input":{"@type":"PropertyValueSpecification","valueRequired":true,"valueName":"search_term_string"}}],"inLanguage":"sv-SE"},{"@type":"Organization","@id":"https:\/\/alegria-realestate.com\/sv\/#organization","name":"Alegria Realestate","url":"https:\/\/alegria-realestate.com\/sv\/","logo":{"@type":"ImageObject","inLanguage":"sv-SE","@id":"https:\/\/alegria-realestate.com\/sv\/#\/schema\/logo\/image\/","url":"https:\/\/alegria-realestate.com\/wp-content\/uploads\/2019\/08\/logo_alegria.png","contentUrl":"https:\/\/alegria-realestate.com\/wp-content\/uploads\/2019\/08\/logo_alegria.png","width":1600,"height":1403,"caption":"Alegria Realestate"},"image":{"@id":"https:\/\/alegria-realestate.com\/sv\/#\/schema\/logo\/image\/"},"sameAs":["https:\/\/www.facebook.com\/realestate.alegria","https:\/\/x.com\/alegriarealesta","https:\/\/www.instagram.com\/alegriadom\/","https:\/\/www.linkedin.com\/profile\/view?id=154965227","https:\/\/www.youtube.com\/user\/AlegriaRealEstate"]},{"@type":"Person","@id":"https:\/\/alegria-realestate.com\/#\/schema\/person\/d5f65cbf5d490b626f10bef994e91bde","name":"Irina"}]}},"_links":{"self":[{"href":"https:\/\/alegria-realestate.com\/sv\/wp-json\/wp\/v2\/posts\/916758","targetHints":{"allow":["GET"]}}],"collection":[{"href":"https:\/\/alegria-realestate.com\/sv\/wp-json\/wp\/v2\/posts"}],"about":[{"href":"https:\/\/alegria-realestate.com\/sv\/wp-json\/wp\/v2\/types\/post"}],"author":[{"embeddable":true,"href":"https:\/\/alegria-realestate.com\/sv\/wp-json\/wp\/v2\/users\/34"}],"replies":[{"embeddable":true,"href":"https:\/\/alegria-realestate.com\/sv\/wp-json\/wp\/v2\/comments?post=916758"}],"version-history":[{"count":1,"href":"https:\/\/alegria-realestate.com\/sv\/wp-json\/wp\/v2\/posts\/916758\/revisions"}],"predecessor-version":[{"id":916765,"href":"https:\/\/alegria-realestate.com\/sv\/wp-json\/wp\/v2\/posts\/916758\/revisions\/916765"}],"wp:featuredmedia":[{"embeddable":true,"href":"https:\/\/alegria-realestate.com\/sv\/wp-json\/wp\/v2\/media\/916761"}],"wp:attachment":[{"href":"https:\/\/alegria-realestate.com\/sv\/wp-json\/wp\/v2\/media?parent=916758"}],"wp:term":[{"taxonomy":"category","embeddable":true,"href":"https:\/\/alegria-realestate.com\/sv\/wp-json\/wp\/v2\/categories?post=916758"},{"taxonomy":"post_tag","embeddable":true,"href":"https:\/\/alegria-realestate.com\/sv\/wp-json\/wp\/v2\/tags?post=916758"}],"curies":[{"name":"wp","href":"https:\/\/api.w.org\/{rel}","templated":true}]}}